{"content":"<div class=\"row inline-row\">\r\n            <div class=\"col-md-6 col-xs-12 inline-col feed-item\">\r\n            <div class=\"clearfix\">\r\n    <div class=\"img\">\r\n        <a   href=\"https:\/\/vmkik.hu\/rendezvenyek\/uzleti-forum\/e-nyugtarol\">\r\n            <img class=\"img-responsive img-center\" src=\"\/uploads\/events\/small-small-e-nyugta-2026-web-17867111065976.jpg\" alt=\"Minden, amit az e-nyugt\u00e1r\u00f3l tudni \u00e9rdemes - Kamarai t\u00e1j\u00e9koztat\u00f3 f\u00f3rum kisv\u00e1llalkoz\u00e1sok sz\u00e1m\u00e1ra 08.26.\">\r\n        <\/a>\r\n    <\/div>\r\n    <div class=\"info\">\r\n        <div class=\"title\"><a  href=\"https:\/\/vmkik.hu\/rendezvenyek\/uzleti-forum\/e-nyugtarol\">Minden, amit az e-nyugt\u00e1r\u00f3l tudni \u00e9rdemes - Kamarai t\u00e1j\u00e9koztat\u00f3 f\u00f3rum kisv\u00e1llalkoz\u00e1sok sz\u00e1m\u00e1ra 08.26.<\/a><\/div>\r\n                    <ul class=\"categories\">\r\n                <li><a style=\"background: #911a1d; color: #ffffff\" href=\"https:\/\/vmkik.hu\/rendezvenyek\/uzleti-forum\">\u00fczleti f\u00f3rum<\/a><\/li>\r\n                <li><span class=\"public-at\">2026. augusztus 14.<\/span><\/li>\r\n            <\/ul>\r\n                <div class=\"desc\"><p>Az \u00d6n v\u00e1llalkoz\u00e1sa felk\u00e9sz\u00fclt a&nbsp;k\u00f6telez\u0151 adatszolg\u00e1ltat\u00e1sra?&nbsp;Az e-nyugta bevezet\u00e9se az egyik legfontosabb v\u00e1ltoz\u00e1s, amely a magyar kisv\u00e1llalkoz\u00e1sokat \u00e9rinti. A legf\u0151bb fordul\u00f3pont&nbsp;<strong>2026. szeptember 1.<\/strong>&nbsp;\u2013 ett\u0151l a napt\u00f3l kezdve azoknak a v\u00e1llalkoz\u00e1soknak is k\u00f6telez\u0151 adatot szolg\u00e1ltatniuk a ki\u00e1ll\u00edtott nyugt\u00e1kr\u00f3l, akik nem p\u00e9nzt\u00e1rg\u00e9ppel nyugt\u00e1znak.<\/p>\r\n\r\n<p>&nbsp;<\/p><\/div>\r\n    <\/div>\r\n<\/div>        <\/div>\r\n            <div class=\"col-md-6 col-xs-12 inline-col feed-item\">\r\n            <div class=\"clearfix\">\r\n    <div class=\"img\">\r\n        <a   href=\"https:\/\/vmkik.hu\/rendezvenyek\/rendezvenyek\/mi-pro-kepzes-ugynokrendszerek-es-intelligens-automatizalas-mikro-es-kisvallalkozasok-szamara\">\r\n            <img class=\"img-responsive img-center\" src=\"\/uploads\/events\/small-betelt-mi-pro-17851416211018.png\" alt=\"MI PRO - K\u00c9PZ\u00c9S - \u00dcgyn\u00f6krendszerek \u00e9s intelligens automatiz\u00e1l\u00e1s mikro \u00e9s kisv\u00e1llalkoz\u00e1sok sz\u00e1m\u00e1ra\">\r\n        <\/a>\r\n    <\/div>\r\n    <div class=\"info\">\r\n        <div class=\"title\"><a  href=\"https:\/\/vmkik.hu\/rendezvenyek\/rendezvenyek\/mi-pro-kepzes-ugynokrendszerek-es-intelligens-automatizalas-mikro-es-kisvallalkozasok-szamara\">MI PRO - K\u00c9PZ\u00c9S - \u00dcgyn\u00f6krendszerek \u00e9s intelligens automatiz\u00e1l\u00e1s mikro \u00e9s kisv\u00e1llalkoz\u00e1sok sz\u00e1m\u00e1ra<\/a><\/div>\r\n                    <ul class=\"categories\">\r\n                <li><a style=\"background: #2a299e; color: #ffffff\" href=\"https:\/\/vmkik.hu\/rendezvenyek\/rendezvenyek\">Rendezv\u00e9nyek<\/a><\/li>\r\n                <li><span class=\"public-at\">2026. j\u00falius 09.<\/span><\/li>\r\n            <\/ul>\r\n                <div class=\"desc\"><p><strong>MI PRO<\/strong><\/p>\r\n\r\n<p><strong>\u00dcgyn\u00f6krendszerek \u00e9s intelligens automatiz\u00e1l\u00e1s mikro \u00e9s kisv\u00e1llalkoz\u00e1sok sz\u00e1m\u00e1ra<\/strong><\/p>\r\n\r\n<p>Ha szeretn\u00e9, hogy a mesters\u00e9ges intelligencia <strong>ne csak v\u00e1laszoljon a k\u00e9rd\u00e9seire, hanem val\u00f3di feladatokat is elv\u00e9gezzen \u00d6n helyett<\/strong>, akkor ez a k\u00e9pz\u00e9s \u00d6nnek sz\u00f3l.<br \/>\r\n&nbsp;<\/p><\/div>\r\n    <\/div>\r\n<\/div>        <\/div>\r\n            <div class=\"col-md-6 col-xs-12 inline-col feed-item\">\r\n            <div class=\"clearfix\">\r\n    <div class=\"img\">\r\n        <a   href=\"https:\/\/vmkik.hu\/rendezvenyek\/rendezvenyek\/eu-ppwr-hogyan-feleljunk-meg-a-korforgasos-gazdalkodasnak\">\r\n            <img class=\"img-responsive img-center\" src=\"\/uploads\/events\/small-ppwr-header-17798625140851.jpg\" alt=\"EU\u2013PPWR: \u00daJ CSOMAGOL\u00c1SI \u00c9S CSOMAGOL\u00c1SI HULLAD\u00c9KR\u00d3L SZ\u00d3L\u00d3 RENDELET L\u00c9P HAT\u00c1LYBA - K\u00c9SZ\u00dcLJ\u00dcNK FEL EGY\u00dcTT!\">\r\n        <\/a>\r\n    <\/div>\r\n    <div class=\"info\">\r\n        <div class=\"title\"><a  href=\"https:\/\/vmkik.hu\/rendezvenyek\/rendezvenyek\/eu-ppwr-hogyan-feleljunk-meg-a-korforgasos-gazdalkodasnak\">EU\u2013PPWR: \u00daJ CSOMAGOL\u00c1SI \u00c9S CSOMAGOL\u00c1SI HULLAD\u00c9KR\u00d3L SZ\u00d3L\u00d3 RENDELET L\u00c9P HAT\u00c1LYBA - K\u00c9SZ\u00dcLJ\u00dcNK FEL EGY\u00dcTT!<\/a><\/div>\r\n                    <ul class=\"categories\">\r\n                <li><a style=\"background: #2a299e; color: #ffffff\" href=\"https:\/\/vmkik.hu\/rendezvenyek\/rendezvenyek\">Rendezv\u00e9nyek<\/a><\/li>\r\n                <li><span class=\"public-at\">2026. m\u00e1jus 27.<\/span><\/li>\r\n            <\/ul>\r\n                <div class=\"desc\"><p>Az EU \u00faj csomagol\u00e1si \u00e9s csomagol\u00e1si hullad\u00e9kr\u00f3l sz\u00f3l\u00f3 rendelete (PPWR) 2026. augusztus 12-t\u0151l v\u00e1lik teljes k\u00f6r\u0171en alkalmazand\u00f3v\u00e1, jelent\u0151sen \u00e1talak\u00edtva a csomagol\u00f3ipart, a vend\u00e9gl\u00e1t\u00e1st \u00e9s a kiskereskedelmet. A rendelet k\u00f6telez\u0151 c\u00e9lkit\u0171z\u00e9seket \u00edr el\u0151 a hullad\u00e9kcs\u00f6kkent\u00e9sre, az \u00fajrahaszn\u00e1latra \u00e9s a magas min\u0151s\u00e9g\u0171 \u00fajrahasznos\u00edt\u00e1sra.<\/p>\r\n\r\n<p>A rendelet a csomagol\u00e1st, csomagolt term\u00e9ket gy\u00e1rt\u00f3t, el\u0151\u00e1ll\u00edt\u00f3t, forgalmaz\u00f3t, import\u0151rt, hazai forgalmaz\u00f3t \u00e9s a k\u00fcl\u00f6nb\u00f6z\u0151 szolg\u00e1ltat\u00f3kat (pl. webshopok, vend\u00e9gl\u00e1t\u00f3helyek) egyar\u00e1nt \u00e9rintheti.<\/p><\/div>\r\n    <\/div>\r\n<\/div>        <\/div>\r\n            <div class=\"col-md-6 col-xs-12 inline-col feed-item\">\r\n            <div class=\"clearfix\">\r\n    <div class=\"img\">\r\n        <a   href=\"https:\/\/vmkik.hu\/rendezvenyek\/rendezvenyek\/egyuttmukodesek-es-tarsadalmi-felelossegvallalas-a-gyakorlatban-szakmai-workshop\">\r\n            <img class=\"img-responsive img-center\" src=\"\/uploads\/events\/small-letoeltes-2-17792547398177.jpg\" alt=\"Egy\u00fcttm\u0171k\u00f6d\u00e9sek \u00e9s t\u00e1rsadalmi felel\u0151ss\u00e9gv\u00e1llal\u00e1s a gyakorlatban - szakmai workshop\">\r\n        <\/a>\r\n    <\/div>\r\n    <div class=\"info\">\r\n        <div class=\"title\"><a  href=\"https:\/\/vmkik.hu\/rendezvenyek\/rendezvenyek\/egyuttmukodesek-es-tarsadalmi-felelossegvallalas-a-gyakorlatban-szakmai-workshop\">Egy\u00fcttm\u0171k\u00f6d\u00e9sek \u00e9s t\u00e1rsadalmi felel\u0151ss\u00e9gv\u00e1llal\u00e1s a gyakorlatban - szakmai workshop<\/a><\/div>\r\n                    <ul class=\"categories\">\r\n                <li><a style=\"background: #2a299e; color: #ffffff\" href=\"https:\/\/vmkik.hu\/rendezvenyek\/rendezvenyek\">Rendezv\u00e9nyek<\/a><\/li>\r\n                <li><span class=\"public-at\">2026. m\u00e1jus 19.<\/span><\/li>\r\n            <\/ul>\r\n                <div class=\"desc\"><p>Ez\u00faton tisztelettel megh\u00edvjuk \u00d6nt a Vas V\u00e1rmegyei \u00d6nkorm\u00e1nyzat \u00e1ltal megval\u00f3s\u00edtott TOP_PLUSZ-3.1.1-21-VS1-2022-00001 azonos\u00edt\u00f3sz\u00e1m\u00fa \u201eVas v\u00e1rmegyei foglalkoztat\u00e1si-gazdas\u00e1gfejleszt\u00e9si Paktum\u201d projekt keret\u00e9ben szervezett szeml\u00e9letform\u00e1l\u00f3 szakmai workshopra.<\/p>\r\n\r\n<p>A rendezv\u00e9ny k\u00fcl\u00f6nleges alkalom, hiszen a workshop-sorozat z\u00e1r\u00f3 esem\u00e9nyek\u00e9nt ez\u00fattal a v\u00e1llalkoz\u00f3i szf\u00e9ra \u00e9s a szoci\u00e1lis gazdas\u00e1g szerepl\u0151i k\u00f6z\u00f6sen vesznek r\u00e9szt a szakmai p\u00e1rbesz\u00e9dben. A program c\u00e9lja, hogy er\u0151s\u00edtse a gazdas\u00e1gi \u00e9s t\u00e1rsadalmi szerepl\u0151k k\u00f6z\u00f6tti egy\u00fcttm\u0171k\u00f6d\u00e9seket, valamint bemutassa a felel\u0151s v\u00e1llalati m\u0171k\u00f6d\u00e9s \u00e9s a t\u00e1rsadalmi szerepv\u00e1llal\u00e1s gyakorlati lehet\u0151s\u00e9geit.<\/p><\/div>\r\n    <\/div>\r\n<\/div>        <\/div>\r\n            <div class=\"col-md-6 col-xs-12 inline-col feed-item\">\r\n            <div class=\"clearfix\">\r\n    <div class=\"img\">\r\n        <a   href=\"https:\/\/vmkik.hu\/rendezvenyek\/szakmai-nap\/az-eu-uj-kihivasa-fokuszban-az-esg\">\r\n            <img class=\"img-responsive img-center\" src=\"\/uploads\/events\/small-esg-17791802532438.jpg\" alt=\"Az EU \u00faj kih\u00edv\u00e1sa - F\u00f3kuszban az ESG\">\r\n        <\/a>\r\n    <\/div>\r\n    <div class=\"info\">\r\n        <div class=\"title\"><a  href=\"https:\/\/vmkik.hu\/rendezvenyek\/szakmai-nap\/az-eu-uj-kihivasa-fokuszban-az-esg\">Az EU \u00faj kih\u00edv\u00e1sa - F\u00f3kuszban az ESG<\/a><\/div>\r\n                    <ul class=\"categories\">\r\n                <li><a style=\"background: #911a1d; color: #ffffff\" href=\"https:\/\/vmkik.hu\/rendezvenyek\/szakmai-nap\">szakmai nap<\/a><\/li>\r\n                <li><span class=\"public-at\">2026. m\u00e1jus 19.<\/span><\/li>\r\n            <\/ul>\r\n                <div class=\"desc\"><p style=\"text-align:justify\">Az \u201eEU \u00faj kih\u00edv\u00e1sai\u201d tematikus nap c\u00e9lja, hogy a r\u00e9sztvev\u0151 KKV-k \u00e1tfog\u00f3, vezet\u0151i szint\u0171 k\u00e9pet kapjanak a legfontosabb aktu\u00e1lis uni\u00f3s szab\u00e1lyoz\u00e1si \u00e9s piaci elv\u00e1r\u00e1sokr\u00f3l, k\u00fcl\u00f6n\u00f6s tekintettel a fenntarthat\u00f3s\u00e1gi \u00e9s energiahat\u00e9konys\u00e1gi k\u00f6vetelm\u00e9nyekre. A program k\u00f6zvetlen v\u00e1laszt ad arra a probl\u00e9m\u00e1ra, hogy a gyorsan v\u00e1ltoz\u00f3 szab\u00e1lyoz\u00e1si k\u00f6rnyezethez val\u00f3 alkalmazkod\u00e1s sok v\u00e1llalkoz\u00e1s sz\u00e1m\u00e1ra komplex \u00e9s er\u0151forr\u00e1s-ig\u00e9nyes feladat, mik\u00f6zben a megfelel\u00e9s hi\u00e1nya komoly \u00fczleti \u00e9s jogi kock\u00e1zatokat hordoz.<\/p><\/div>\r\n    <\/div>\r\n<\/div>        <\/div>\r\n            <div class=\"col-md-6 col-xs-12 inline-col feed-item\">\r\n            <div class=\"clearfix\">\r\n    <div class=\"img\">\r\n        <a   href=\"https:\/\/vmkik.hu\/rendezvenyek\/szakmai-nap\/belso-auditor-kepzes\">\r\n            <img class=\"img-responsive img-center\" src=\"\/uploads\/events\/small-audit-vmkik-17792548232635.jpg\" alt=\"Bels\u0151 Auditor K\u00e9pz\u00e9s\">\r\n        <\/a>\r\n    <\/div>\r\n    <div class=\"info\">\r\n        <div class=\"title\"><a  href=\"https:\/\/vmkik.hu\/rendezvenyek\/szakmai-nap\/belso-auditor-kepzes\">Bels\u0151 Auditor K\u00e9pz\u00e9s<\/a><\/div>\r\n                    <ul class=\"categories\">\r\n                <li><a style=\"background: #911a1d; color: #ffffff\" href=\"https:\/\/vmkik.hu\/rendezvenyek\/szakmai-nap\">szakmai nap<\/a><\/li>\r\n                <li><span class=\"public-at\">2026. m\u00e1jus 18.<\/span><\/li>\r\n            <\/ul>\r\n                <div class=\"desc\"><p>A Vas V\u00e1rmegyei Kereskedelmi \u00e9s Iparkamara az ISO 9000 F\u00f3rum Egyes\u00fclet \u00e9s a Controll Holding Zrt. k\u00f6zrem\u0171k\u00f6d\u00e9s\u00e9vel d\u00edjmentes, egynapos&nbsp;<strong>Bels\u0151 Auditor K\u00e9pz\u00e9st<\/strong>&nbsp;szervez 2026. j\u00fanius 19-\u00e9n Szombathelyen, amelynek c\u00e9lja, hogy a r\u00e9sztvev\u0151 v\u00e1llalkoz\u00e1sok k\u00e9pvisel\u0151i \u00e1tfog\u00f3 \u00e9s gyakorlati ismereteket szerezzenek a min\u0151s\u00e9gir\u00e1ny\u00edt\u00e1si rendszerek m\u0171k\u00f6d\u00e9s\u00e9nek ellen\u0151rz\u00e9s\u00e9r\u0151l, fejleszt\u00e9s\u00e9r\u0151l \u00e9s fenntart\u00e1s\u00e1r\u00f3l, k\u00fcl\u00f6n\u00f6s tekintettel az ISO 9001 szabv\u00e1ny k\u00f6vetelm\u00e9nyeire.<br \/>\r\n&nbsp;<\/p><\/div>\r\n    <\/div>\r\n<\/div>        <\/div>\r\n            <div class=\"col-md-6 col-xs-12 inline-col feed-item\">\r\n            <div class=\"clearfix\">\r\n    <div class=\"img\">\r\n        <a   href=\"https:\/\/vmkik.hu\/rendezvenyek\/uzleti-forum\/west-balkan-business-hub-uj-piacok-uj-kapcsolatok-uj-uzleti-lehetosegek-a-nyugat-balkanon\">\r\n            <img class=\"img-responsive img-center\" src=\"\/uploads\/events\/small-bosznia-header-17791078869778.jpg\" alt=\"West Balkan Business HUB - \u00daj piacok, \u00faj kapcsolatok, \u00faj \u00fczleti lehet\u0151s\u00e9gek a Nyugat-Balk\u00e1non\">\r\n        <\/a>\r\n    <\/div>\r\n    <div class=\"info\">\r\n        <div class=\"title\"><a  href=\"https:\/\/vmkik.hu\/rendezvenyek\/uzleti-forum\/west-balkan-business-hub-uj-piacok-uj-kapcsolatok-uj-uzleti-lehetosegek-a-nyugat-balkanon\">West Balkan Business HUB - \u00daj piacok, \u00faj kapcsolatok, \u00faj \u00fczleti lehet\u0151s\u00e9gek a Nyugat-Balk\u00e1non<\/a><\/div>\r\n                    <ul class=\"categories\">\r\n                <li><a style=\"background: #911a1d; color: #ffffff\" href=\"https:\/\/vmkik.hu\/rendezvenyek\/uzleti-forum\">\u00fczleti f\u00f3rum<\/a><\/li>\r\n                <li><span class=\"public-at\">2026. m\u00e1jus 18.<\/span><\/li>\r\n            <\/ul>\r\n                <div class=\"desc\"><p>A Vas V\u00e1rmegyei Kereskedelmi \u00e9s Iparkamara 2026. j\u00fanius 3-\u00e1n megrendez\u00e9sre ker\u00fcl\u0151 \u00fczleti f\u00f3ruma \u00e1tfog\u00f3 k\u00e9pet ad a Nyugat-Balk\u00e1n gazdas\u00e1gi folyamatair\u00f3l \u00e9s \u00fczleti lehet\u0151s\u00e9geir\u0151l, egy\u00fattal el\u0151k\u00e9sz\u00edt\u0151 esem\u00e9nye is a 2026. szeptember 2\u20135. k\u00f6z\u00f6tt szervez\u0151d\u0151 zenicai ZEPS Nemzetk\u00f6zi Gazdas\u00e1gi V\u00e1s\u00e1rra indul\u00f3 v\u00e1llalkoz\u00f3i \u00fczleti deleg\u00e1ci\u00f3nak, ahov\u00e1 v\u00e1rjuk m\u00e9g a jelentkez\u0151ket.<\/p>\r\n\r\n<p>A Nyugat-Balk\u00e1n Eur\u00f3pa egyik legdinamikusabban \u00e1talakul\u00f3 gazdas\u00e1gi t\u00e9rs\u00e9ge. Az EU-integr\u00e1ci\u00f3s folyamat felgyorsul\u00e1s\u00e1val Bosznia-Hercegovina, Szerbia, Montenegr\u00f3 \u00e9s a t\u00e9rs\u00e9g tov\u00e1bbi orsz\u00e1gai egyre nyitottabb\u00e1 v\u00e1lnak a nemzetk\u00f6zi egy\u00fcttm\u0171k\u00f6d\u00e9sek, beruh\u00e1z\u00e1sok \u00e9s besz\u00e1ll\u00edt\u00f3i kapcsolatok el\u0151tt.<\/p><\/div>\r\n    <\/div>\r\n<\/div>        <\/div>\r\n            <div class=\"col-md-6 col-xs-12 inline-col feed-item\">\r\n            <div class=\"clearfix\">\r\n    <div class=\"img\">\r\n        <a   href=\"https:\/\/vmkik.hu\/rendezvenyek\/szakmai-nap\/a-hatekony-palyaorientacio-a-gyakorlatban\">\r\n            <img class=\"img-responsive img-center\" src=\"\/uploads\/events\/small-img-9458-w-17787531703461.jpg\" alt=\"A hat\u00e9kony p\u00e1lyaorient\u00e1ci\u00f3 a gyakorlatban\">\r\n        <\/a>\r\n    <\/div>\r\n    <div class=\"info\">\r\n        <div class=\"title\"><a  href=\"https:\/\/vmkik.hu\/rendezvenyek\/szakmai-nap\/a-hatekony-palyaorientacio-a-gyakorlatban\">A hat\u00e9kony p\u00e1lyaorient\u00e1ci\u00f3 a gyakorlatban<\/a><\/div>\r\n                    <ul class=\"categories\">\r\n                <li><a style=\"background: #911a1d; color: #ffffff\" href=\"https:\/\/vmkik.hu\/rendezvenyek\/szakmai-nap\">szakmai nap<\/a><\/li>\r\n                <li><span class=\"public-at\">2026. m\u00e1jus 14.<\/span><\/li>\r\n            <\/ul>\r\n                <div class=\"desc\"><p>A Magyar Kereskedelmi \u00e9s Iparkamar \u00e1ltal szervezett kerekasztal besz\u00e9lget\u00e9s du\u00e1lis k\u00e9pz\u0151k, p\u00e1lyaorient\u00e1ci\u00f3s szakemberek r\u00e9szv\u00e9tel\u00e9vel.<\/p><\/div>\r\n    <\/div>\r\n<\/div>        <\/div>\r\n    <\/div>\r\n\r\n<ul class=\"pagination\">\r\n                    <li class=\"left\"><a href=\"https:\/\/vmkik.hu\/api\/events\/page?page=1\" rel=\"prev\"><span class=\"icon icon-arrow-flat-left\"><\/span><\/a><\/li>\r\n        \r\n                    \r\n                                                                        <li><a href=\"https:\/\/vmkik.hu\/api\/events\/page?page=1\">01<\/a><\/li>\r\n                                                                                <li class=\"active\"><span>02<\/span><\/li>\r\n                                                                                <li><a href=\"https:\/\/vmkik.hu\/api\/events\/page?page=3\">03<\/a><\/li>\r\n                                                                                <li><a href=\"https:\/\/vmkik.hu\/api\/events\/page?page=4\">04<\/a><\/li>\r\n                                                                                <li><a href=\"https:\/\/vmkik.hu\/api\/events\/page?page=5\">05<\/a><\/li>\r\n                                                                                <li><a href=\"https:\/\/vmkik.hu\/api\/events\/page?page=6\">06<\/a><\/li>\r\n                                                                                <li><a href=\"https:\/\/vmkik.hu\/api\/events\/page?page=7\">07<\/a><\/li>\r\n                                                                                <li><a href=\"https:\/\/vmkik.hu\/api\/events\/page?page=8\">08<\/a><\/li>\r\n                                                                                    <li class=\"disabled\"><span>...<\/span><\/li>\r\n            \r\n                                \r\n                                                                        <li><a href=\"https:\/\/vmkik.hu\/api\/events\/page?page=32\">32<\/a><\/li>\r\n                                                                                <li><a href=\"https:\/\/vmkik.hu\/api\/events\/page?page=33\">33<\/a><\/li>\r\n                                                        \r\n                    <li class=\"right\"><a href=\"https:\/\/vmkik.hu\/api\/events\/page?page=3\" rel=\"next\"><span class=\"icon icon-arrow-flat-right\"><\/span><\/a><\/li>\r\n            <\/ul>\r\n\r\n","page":"2"}