{"content":"<div class=\"row inline-row\">\r\n                <div class=\"col-md-6 inline-col feed-item\">\r\n            <div class=\"clearfix\">\r\n        <div class=\"img\">\r\n            <a  href=\"https:\/\/vmkik.hu\/hirek\/erdoirtasrol-szolo-jogszabaly-a-z-ep-egyeves-halasztast-fogadott-el\">\r\n                <img class=\"img-responsive img-center\" src=\"\/uploads\/feed_items\/small-ormansizlasmanin-baslica-nedenleri-17345115139437.jpg\" alt=\"Erd\u0151irt\u00e1sr\u00f3l sz\u00f3l\u00f3 jogszab\u00e1ly: a z EP egy\u00e9ves halaszt\u00e1st fogadott el\">\r\n            <\/a>\r\n        <\/div>\r\n        <div class=\"info\">\r\n            <div class=\"title\"><a  href=\"https:\/\/vmkik.hu\/hirek\/erdoirtasrol-szolo-jogszabaly-a-z-ep-egyeves-halasztast-fogadott-el\">Erd\u0151irt\u00e1sr\u00f3l sz\u00f3l\u00f3 jogszab\u00e1ly: a z EP egy\u00e9ves halaszt\u00e1st fogadott el<\/a><\/div>\r\n                            <ul class=\"categories\">\r\n                                            <li><a style=\"background: #5c299e; color: #ffffff\" href=\"https:\/\/vmkik.hu\/hirek\/hirek\">H\u00edrek<\/a><\/li>\r\n                                            <li><a style=\"background: #2a299e; color: #ffffff\" href=\"https:\/\/vmkik.hu\/hirek\/europe-direct\">Europe Direct<\/a><\/li>\r\n                                        <li><span class=\"public-at\">2024. december 18.<\/span><\/li>\r\n                <\/ul>\r\n                        <div class=\"desc\"><p>A c\u00e9geknek plusz egy \u00e9v\u00fck lesz arra, hogy megfeleljenek az erd\u0151irt\u00e1s megel\u0151z\u00e9s\u00e9t c\u00e9lz\u00f3 szab\u00e1lyoknak, amelyek tiltj\u00e1k a kiirtott erd\u0151ter\u00fcletekr\u0151l sz\u00e1rmaz\u00f3 term\u00e9kek \u00e9rt\u00e9kes\u00edt\u00e9s\u00e9t az EU-ban.<\/p><\/div>\r\n        <\/div>\r\n    <\/div>\r\n        <\/div>\r\n            <div class=\"col-md-6 inline-col feed-item\">\r\n            <div class=\"clearfix\">\r\n        <div class=\"img\">\r\n            <a  href=\"https:\/\/vmkik.hu\/hirek\/gazdasagi-havi-tajekoztato-2024-november-december\">\r\n                <img class=\"img-responsive img-center\" src=\"\/uploads\/feed_items\/small-gvi-17344201191326.jpg\" alt=\"Gazdas\u00e1gi Havi T\u00e1j\u00e9koztat\u00f3 2024. november-december\">\r\n            <\/a>\r\n        <\/div>\r\n        <div class=\"info\">\r\n            <div class=\"title\"><a  href=\"https:\/\/vmkik.hu\/hirek\/gazdasagi-havi-tajekoztato-2024-november-december\">Gazdas\u00e1gi Havi T\u00e1j\u00e9koztat\u00f3 2024. november-december<\/a><\/div>\r\n                            <ul class=\"categories\">\r\n                                            <li><a style=\"background: #5c299e; color: #ffffff\" href=\"https:\/\/vmkik.hu\/hirek\/hirek\">H\u00edrek<\/a><\/li>\r\n                                        <li><span class=\"public-at\">2024. december 17.<\/span><\/li>\r\n                <\/ul>\r\n                        <div class=\"desc\"><p>Megjelent az MKIK GVI aktu\u00e1lis gazdas\u00e1g havi t\u00e1j\u00e9koztat\u00f3ja magyar \u00e9s angol nyelven.<\/p><\/div>\r\n        <\/div>\r\n    <\/div>\r\n        <\/div>\r\n            <div class=\"col-md-6 inline-col feed-item\">\r\n            <div class=\"clearfix\">\r\n        <div class=\"img\">\r\n            <a  href=\"https:\/\/vmkik.hu\/hirek\/egyuttmukodes-az-epitoipari-kepzesert\">\r\n                <img class=\"img-responsive img-center\" src=\"\/uploads\/feed_items\/small-17-17343541059317.jpg\" alt=\"Egy\u00fcttm\u0171k\u00f6d\u00e9s az \u00e9p\u00edt\u0151ipari k\u00e9pz\u00e9s\u00e9rt\">\r\n            <\/a>\r\n        <\/div>\r\n        <div class=\"info\">\r\n            <div class=\"title\"><a  href=\"https:\/\/vmkik.hu\/hirek\/egyuttmukodes-az-epitoipari-kepzesert\">Egy\u00fcttm\u0171k\u00f6d\u00e9s az \u00e9p\u00edt\u0151ipari k\u00e9pz\u00e9s\u00e9rt<\/a><\/div>\r\n                            <ul class=\"categories\">\r\n                                            <li><a style=\"background: #9e2961; color: #ffffff\" href=\"https:\/\/vmkik.hu\/hirek\/uton-a-szakmak-vilagaban\">Szakk\u00e9pz\u00e9s<\/a><\/li>\r\n                                            <li><a style=\"background: #5c299e; color: #ffffff\" href=\"https:\/\/vmkik.hu\/hirek\/hirek\">H\u00edrek<\/a><\/li>\r\n                                        <li><span class=\"public-at\">2024. december 16.<\/span><\/li>\r\n                <\/ul>\r\n                        <div class=\"desc\"><p>&nbsp;<\/p>\r\n\r\n<p>A Vas V\u00e1rmegyei Szakk\u00e9pz\u00e9si Centrum Hefele Menyh\u00e9rt Szakk\u00e9pz\u0151 Iskola kezdem\u00e9nyez\u00e9s\u00e9re szakmai megbesz\u00e9l\u00e9sekre ker\u00fclt sor az int\u00e9zm\u00e9nyben, melyen akt\u00edv fest\u0151, m\u00e1zol\u00f3, tap\u00e9t\u00e1z\u00f3 \u00e9s k\u0151m\u0171ves du\u00e1lis k\u00e9pz\u0151helyek, oktat\u00f3k \u00e9s kamar\u00e1nk du\u00e1lis k\u00e9pz\u00e9si tan\u00e1csad\u00f3ja vett r\u00e9szt.<\/p><\/div>\r\n        <\/div>\r\n    <\/div>\r\n        <\/div>\r\n            <div class=\"col-md-6 inline-col feed-item\">\r\n            <div class=\"clearfix\">\r\n        <div class=\"img\">\r\n            <a  href=\"https:\/\/vmkik.hu\/hirek\/eptoipari-szakvasar-januarban-nyilik-a-baumesse\">\r\n                <img class=\"img-responsive img-center\" src=\"\/uploads\/feed_items\/small-baumesse-oberwart-1734340958254.jpg\" alt=\"\u00c9pt\u0151ipari szakv\u00e1s\u00e1r  - janu\u00e1rban ny\u00edlik a Baumesse\">\r\n            <\/a>\r\n        <\/div>\r\n        <div class=\"info\">\r\n            <div class=\"title\"><a  href=\"https:\/\/vmkik.hu\/hirek\/eptoipari-szakvasar-januarban-nyilik-a-baumesse\">\u00c9pt\u0151ipari szakv\u00e1s\u00e1r  - janu\u00e1rban ny\u00edlik a Baumesse<\/a><\/div>\r\n                            <ul class=\"categories\">\r\n                                            <li><a style=\"background: #5c299e; color: #ffffff\" href=\"https:\/\/vmkik.hu\/hirek\/hirek\">H\u00edrek<\/a><\/li>\r\n                                            <li><a style=\"background: #64299e; color: #ffffff\" href=\"https:\/\/vmkik.hu\/hirek\/vallalkozo-vagyok\">V\u00e1llalkoz\u00f3 vagyok<\/a><\/li>\r\n                                        <li><span class=\"public-at\">2024. december 16.<\/span><\/li>\r\n                <\/ul>\r\n                        <div class=\"desc\"><p style=\"text-align:justify\">2025. janu\u00e1r 30-\u00e1n nyitja meg kapuit az oberwarti Baumesse.&nbsp;A Vas V\u00e1rmegyei Kereskedelmi \u00e9s Iparkamara a kor\u00e1bbi \u00e9vekhez hasonl\u00f3an id\u00e9n is megjelen\u00e9si lehet\u0151s\u00e9get biztos\u00edt a v\u00e1s\u00e1ron a vasi v\u00e1llalkoz\u00e1soknak.<\/p><\/div>\r\n        <\/div>\r\n    <\/div>\r\n        <\/div>\r\n            <div class=\"col-md-6 inline-col feed-item\">\r\n            <div class=\"clearfix\">\r\n        <div class=\"img\">\r\n            <a  href=\"https:\/\/vmkik.hu\/hirek\/megjelent-a-minimalber-rendelet\">\r\n                <img class=\"img-responsive img-center\" src=\"\/uploads\/feed_items\/small-penz-forin-17343362206045.jpg\" alt=\"Megjelent a minim\u00e1lb\u00e9r rendelet\">\r\n            <\/a>\r\n        <\/div>\r\n        <div class=\"info\">\r\n            <div class=\"title\"><a  href=\"https:\/\/vmkik.hu\/hirek\/megjelent-a-minimalber-rendelet\">Megjelent a minim\u00e1lb\u00e9r rendelet<\/a><\/div>\r\n                            <ul class=\"categories\">\r\n                                            <li><a style=\"background: #5c299e; color: #ffffff\" href=\"https:\/\/vmkik.hu\/hirek\/hirek\">H\u00edrek<\/a><\/li>\r\n                                        <li><span class=\"public-at\">2024. december 16.<\/span><\/li>\r\n                <\/ul>\r\n                        <div class=\"desc\"><p><strong>megjelent a 394\/2024. (XII.12.) Korm\u00e1nyrendelet<\/strong>, amely tartalmazza a 2025-\u00f6s minim\u00e1lb\u00e9r \u00e9rt\u00e9k\u00e9t. <strong>Ennek alapj\u00e1n 2025. janu\u00e1r 1-t\u0151l az al\u00e1bbiak l\u00e9pnek \u00e9letbe<\/strong>:&nbsp;<strong>Minim\u00e1lb\u00e9r havib\u00e9r alkalmaz\u00e1sa eset\u00e9n: 290.800 Ft,&nbsp; Garant\u00e1lt b\u00e9rminimum: 348.800 Ft.<\/strong><\/p><\/div>\r\n        <\/div>\r\n    <\/div>\r\n        <\/div>\r\n            <div class=\"col-md-6 inline-col feed-item\">\r\n            <div class=\"clearfix\">\r\n        <div class=\"img\">\r\n            <a  href=\"https:\/\/vmkik.hu\/hirek\/januarban-kezdodnek-a-szakmai-tanulmanyi-versenyek-elovalogatoi\">\r\n                <img class=\"img-responsive img-center\" src=\"\/uploads\/feed_items\/small-verseny-foto-17340887670618.jpg\" alt=\"Janu\u00e1rban kezd\u0151dnek a szakmai tanulm\u00e1nyi versenyek el\u0151v\u00e1logat\u00f3i\">\r\n            <\/a>\r\n        <\/div>\r\n        <div class=\"info\">\r\n            <div class=\"title\"><a  href=\"https:\/\/vmkik.hu\/hirek\/januarban-kezdodnek-a-szakmai-tanulmanyi-versenyek-elovalogatoi\">Janu\u00e1rban kezd\u0151dnek a szakmai tanulm\u00e1nyi versenyek el\u0151v\u00e1logat\u00f3i<\/a><\/div>\r\n                            <ul class=\"categories\">\r\n                                            <li><a style=\"background: #5c299e; color: #ffffff\" href=\"https:\/\/vmkik.hu\/hirek\/hirek\">H\u00edrek<\/a><\/li>\r\n                                            <li><a style=\"background: #2a299e; color: #ffffff\" href=\"https:\/\/vmkik.hu\/hirek\/tanulmanyi-versenyek\">Tanulm\u00e1nyi versenyek<\/a><\/li>\r\n                                        <li><span class=\"public-at\">2024. december 13.<\/span><\/li>\r\n                <\/ul>\r\n                        <div class=\"desc\"><p>A szakm\u00e1k fiatal tehets\u00e9gei orsz\u00e1gos szakmai versenyeken m\u00e9rhetik \u00f6ssze tud\u00e1sukat \u00e9s felk\u00e9sz\u00fclts\u00e9g\u00fcket. A szakiskol\u00e1k tanul\u00f3i az Szakma Kiv\u00e1l\u00f3 Tanul\u00f3ja Versenyen (SzKTV), m\u00edg a technikumban tanul\u00f3k az Orsz\u00e1gos Szakmai Tanulm\u00e1nyi Verseny (OSZTV) keret\u00e9ben bizony\u00edthatnak. A versenyek t\u00f6bb fordul\u00f3sak lesznek.<\/p><\/div>\r\n        <\/div>\r\n    <\/div>\r\n        <\/div>\r\n            <div class=\"col-md-6 inline-col feed-item\">\r\n            <div class=\"clearfix\">\r\n        <div class=\"img\">\r\n            <a  href=\"https:\/\/vmkik.hu\/hirek\/a-kamara-unnepi-ugyfelfogadasi-rendje\">\r\n                <img class=\"img-responsive img-center\" src=\"\/uploads\/feed_items\/small-zarva-bocsi-17344228213739.jpg\" alt=\"A kamara \u00fcnnepi \u00fcgyf\u00e9lfogad\u00e1si rendje\">\r\n            <\/a>\r\n        <\/div>\r\n        <div class=\"info\">\r\n            <div class=\"title\"><a  href=\"https:\/\/vmkik.hu\/hirek\/a-kamara-unnepi-ugyfelfogadasi-rendje\">A kamara \u00fcnnepi \u00fcgyf\u00e9lfogad\u00e1si rendje<\/a><\/div>\r\n                            <ul class=\"categories\">\r\n                                            <li><a style=\"background: #5c299e; color: #ffffff\" href=\"https:\/\/vmkik.hu\/hirek\/hirek\">H\u00edrek<\/a><\/li>\r\n                                        <li><span class=\"public-at\">2024. december 13.<\/span><\/li>\r\n                <\/ul>\r\n                        <div class=\"desc\"><p style=\"text-align:justify\">T\u00e1j\u00e9koztatjuk Tisztelt \u00dcgyfeleinket, hogy a Vas V\u00e1rmegyei Kereskedelmi \u00e9s Iparkamara \u00fcnnepi \u00fcgyf\u00e9lfogad\u00e1sa a k\u00f6vetkez\u0151k szerint alakul:<\/p>\r\n\r\n<p style=\"text-align:center\">Kar\u00e1csony el\u0151tti utols\u00f3 \u00fcgyf\u00e9lfogad\u00e1si nap:<br \/>\r\n<strong>2024. december. 20. (p\u00e9ntek) 8:00-13:00 \u00f3r\u00e1ig<\/strong><\/p>\r\n\r\n<p style=\"text-align:center\"><strong>2024. december 23. \u00e9s 2025. janu\u00e1r 2. k\u00f6z\u00f6tt:<br \/>\r\n\u00dcGYF\u00c9LFOGAD\u00c1SI SZ\u00dcNET<\/strong><\/p>\r\n\r\n<p style=\"text-align:center\"><strong>2025. janu\u00e1r 2-t\u00f3l a hagyom\u00e1nyos \u00fcgyf\u00e9lfogad\u00e1si rend szerint v\u00e1rjuk a v\u00e1llalkoz\u00e1sokat.<\/strong><\/p>\r\n\r\n<p style=\"text-align:center\">\u00c1ldott, B\u00e9k\u00e9s Kar\u00e1csonyi \u00dcnnepeket \u00e9s<br \/>\r\nBoldog \u00daj \u00c9vet K\u00edv\u00e1nunk!<\/p><\/div>\r\n        <\/div>\r\n    <\/div>\r\n        <\/div>\r\n            <div class=\"col-md-6 inline-col feed-item\">\r\n            <div class=\"clearfix\">\r\n        <div class=\"img\">\r\n            <a  href=\"https:\/\/vmkik.hu\/hirek\/rekordmagas-az-eu-ba-vetett-bizalom\">\r\n                <img class=\"img-responsive img-center\" src=\"\/uploads\/feed_items\/small-eurobarometer-1734002683222.jpg\" alt=\"Rekordmagas az EU-ba vetett bizalom\">\r\n            <\/a>\r\n        <\/div>\r\n        <div class=\"info\">\r\n            <div class=\"title\"><a  href=\"https:\/\/vmkik.hu\/hirek\/rekordmagas-az-eu-ba-vetett-bizalom\">Rekordmagas az EU-ba vetett bizalom<\/a><\/div>\r\n                            <ul class=\"categories\">\r\n                                            <li><a style=\"background: #5c299e; color: #ffffff\" href=\"https:\/\/vmkik.hu\/hirek\/hirek\">H\u00edrek<\/a><\/li>\r\n                                            <li><a style=\"background: #2a299e; color: #ffffff\" href=\"https:\/\/vmkik.hu\/hirek\/europe-direct\">Europe Direct<\/a><\/li>\r\n                                        <li><span class=\"public-at\">2024. december 12.<\/span><\/li>\r\n                <\/ul>\r\n                        <div class=\"desc\"><p style=\"text-align:justify\">A legfrissebb Eurobarom\u00e9ter felm\u00e9r\u00e9s azt mutatja, hogy 2007 \u00f3ta a legmagasabb szinten van az Eur\u00f3pai Uni\u00f3ba vetett bizalom, \u00e9s soha nem volt m\u00e9g ilyen er\u0151teljes az eur\u00f3 t\u00e1mogatotts\u00e1ga. Az is kider\u00fclt, hogy az uni\u00f3s polg\u00e1rok er\u0151sebb \u00e9s f\u00fcggetlenebb EU-t szeretn\u00e9nek.<\/p><\/div>\r\n        <\/div>\r\n    <\/div>\r\n        <\/div>\r\n    <\/div>\r\n\r\n<ul class=\"pagination\">\r\n                    <li class=\"left\"><a href=\"https:\/\/vmkik.hu\/api\/feeds\/page?page=109\" rel=\"prev\"><span class=\"icon icon-arrow-flat-left\"><\/span><\/a><\/li>\r\n        \r\n                    \r\n                                                                        <li><a href=\"https:\/\/vmkik.hu\/api\/feeds\/page?page=1\">01<\/a><\/li>\r\n                                                                                <li><a href=\"https:\/\/vmkik.hu\/api\/feeds\/page?page=2\">02<\/a><\/li>\r\n                                                                                    <li class=\"disabled\"><span>...<\/span><\/li>\r\n            \r\n                                \r\n                                                                        <li><a href=\"https:\/\/vmkik.hu\/api\/feeds\/page?page=107\">107<\/a><\/li>\r\n                                                                                <li><a href=\"https:\/\/vmkik.hu\/api\/feeds\/page?page=108\">108<\/a><\/li>\r\n                                                                                <li><a href=\"https:\/\/vmkik.hu\/api\/feeds\/page?page=109\">109<\/a><\/li>\r\n                                                                                <li class=\"active\"><span>110<\/span><\/li>\r\n                                                                                <li><a href=\"https:\/\/vmkik.hu\/api\/feeds\/page?page=111\">111<\/a><\/li>\r\n                                                                                <li><a href=\"https:\/\/vmkik.hu\/api\/feeds\/page?page=112\">112<\/a><\/li>\r\n                                                                                <li><a href=\"https:\/\/vmkik.hu\/api\/feeds\/page?page=113\">113<\/a><\/li>\r\n                                                                                    <li class=\"disabled\"><span>...<\/span><\/li>\r\n            \r\n                                \r\n                                                                        <li><a href=\"https:\/\/vmkik.hu\/api\/feeds\/page?page=474\">474<\/a><\/li>\r\n                                                                                <li><a href=\"https:\/\/vmkik.hu\/api\/feeds\/page?page=475\">475<\/a><\/li>\r\n                                                        \r\n                    <li class=\"right\"><a href=\"https:\/\/vmkik.hu\/api\/feeds\/page?page=111\" rel=\"next\"><span class=\"icon icon-arrow-flat-right\"><\/span><\/a><\/li>\r\n            <\/ul>\r\n\r\n","page":"110"}