{"content":"<div class=\"row inline-row\">\r\n                <div class=\"col-md-6 inline-col feed-item\">\r\n            <div class=\"clearfix\">\r\n        <div class=\"img\">\r\n            <a  href=\"https:\/\/vmkik.hu\/hirek\/tobbszoros-termekjubileumot-unnepelt-a-szombathelyi-schaeffler-forgacsolas-terulete\">\r\n                <img class=\"img-responsive img-center\" src=\"\/uploads\/feed_items\/small-lxf9077-rwd-1000-17661316276999.jpg\" alt=\"T\u00f6bbsz\u00f6r\u00f6s term\u00e9kjubileumot \u00fcnnepelt a szombathelyi Schaeffler forg\u00e1csol\u00e1s ter\u00fclete\">\r\n            <\/a>\r\n        <\/div>\r\n        <div class=\"info\">\r\n            <div class=\"title\"><a  href=\"https:\/\/vmkik.hu\/hirek\/tobbszoros-termekjubileumot-unnepelt-a-szombathelyi-schaeffler-forgacsolas-terulete\">T\u00f6bbsz\u00f6r\u00f6s term\u00e9kjubileumot \u00fcnnepelt a szombathelyi Schaeffler forg\u00e1csol\u00e1s ter\u00fclete<\/a><\/div>\r\n                            <ul class=\"categories\">\r\n                                            <li><a style=\"background: #5c299e; color: #ffffff\" href=\"https:\/\/vmkik.hu\/hirek\/hirek\">H\u00edrek<\/a><\/li>\r\n                                        <li><span class=\"public-at\">2025. december 19.<\/span><\/li>\r\n                <\/ul>\r\n                        <div class=\"desc\"><p>Az innovat\u00edv term\u00e9kekr\u0151l \u00e9s \u00fatt\u00f6r\u0151 megold\u00e1sokr\u00f3l ismert szombathelyi v\u00e1llalat forg\u00e1csol\u00e1s ter\u00fclete t\u00f6bb term\u00e9kjubileumot is \u00fcnnepelt novemberben.<\/p><\/div>\r\n        <\/div>\r\n    <\/div>\r\n        <\/div>\r\n            <div class=\"col-md-6 inline-col feed-item\">\r\n            <div class=\"clearfix\">\r\n        <div class=\"img\">\r\n            <a  href=\"https:\/\/vmkik.hu\/hirek\/ujra-elindul-a-minden-vallalkozasnak-legyen-sajat-honlapja-palyazat\">\r\n                <img class=\"img-responsive img-center\" src=\"\/uploads\/feed_items\/small-demjan-sandor-uj-honlap-17660528740718.png\" alt=\"\u00dajra elindul a \u201eMinden v\u00e1llalkoz\u00e1snak legyen saj\u00e1t honlapja\u201d p\u00e1ly\u00e1zat\">\r\n            <\/a>\r\n        <\/div>\r\n        <div class=\"info\">\r\n            <div class=\"title\"><a  href=\"https:\/\/vmkik.hu\/hirek\/ujra-elindul-a-minden-vallalkozasnak-legyen-sajat-honlapja-palyazat\">\u00dajra elindul a \u201eMinden v\u00e1llalkoz\u00e1snak legyen saj\u00e1t honlapja\u201d p\u00e1ly\u00e1zat<\/a><\/div>\r\n                            <ul class=\"categories\">\r\n                                            <li><a style=\"background: #5c299e; color: #ffffff\" href=\"https:\/\/vmkik.hu\/hirek\/hirek\">H\u00edrek<\/a><\/li>\r\n                                            <li><a style=\"background: #299e9e; color: #ffffff\" href=\"https:\/\/vmkik.hu\/hirek\/palyazatok\">P\u00e1ly\u00e1zatok<\/a><\/li>\r\n                                        <li><span class=\"public-at\">2025. december 18.<\/span><\/li>\r\n                <\/ul>\r\n                        <div class=\"desc\"><p>A nagy \u00e9rdekl\u0151d\u00e9sre val\u00f3 tekintettel, \u00fajra el\u00e9rhet\u0151v\u00e9 v\u00e1lik a \u201eMinden v\u00e1llalkoz\u00e1snak legyen saj\u00e1t honlapja\u201d p\u00e1ly\u00e1zat&nbsp;a Demj\u00e1n S\u00e1ndor Program keretein bel\u00fcl, amely a kor\u00e1bbin\u00e1l is sz\u00e9lesebb k\u00f6r\u0171, mesters\u00e9ges intelligenci\u00e1ra \u00e9p\u00fcl\u0151 megold\u00e1sokkal kieg\u00e9sz\u00edtve t\u00e1mogatja a hazai mikro- \u00e9s kisv\u00e1llalkoz\u00e1sok digit\u00e1lis fejleszt\u00e9seit.<strong> <\/strong><\/p><\/div>\r\n        <\/div>\r\n    <\/div>\r\n        <\/div>\r\n            <div class=\"col-md-6 inline-col feed-item\">\r\n            <div class=\"clearfix\">\r\n        <div class=\"img\">\r\n            <a  href=\"https:\/\/vmkik.hu\/hirek\/orszagos-innovacios-verseny\">\r\n                <img class=\"img-responsive img-center\" src=\"\/uploads\/feed_items\/small-ope4l-4-17659608775876.jpg\" alt=\"Orsz\u00e1gos Innov\u00e1ci\u00f3s Verseny\">\r\n            <\/a>\r\n        <\/div>\r\n        <div class=\"info\">\r\n            <div class=\"title\"><a  href=\"https:\/\/vmkik.hu\/hirek\/orszagos-innovacios-verseny\">Orsz\u00e1gos Innov\u00e1ci\u00f3s Verseny<\/a><\/div>\r\n                            <ul class=\"categories\">\r\n                                            <li><a style=\"background: #9e2961; color: #ffffff\" href=\"https:\/\/vmkik.hu\/hirek\/uton-a-szakmak-vilagaban\">Szakk\u00e9pz\u00e9s<\/a><\/li>\r\n                                            <li><a style=\"background: #5c299e; color: #ffffff\" href=\"https:\/\/vmkik.hu\/hirek\/hirek\">H\u00edrek<\/a><\/li>\r\n                                        <li><span class=\"public-at\">2025. december 17.<\/span><\/li>\r\n                <\/ul>\r\n                        <div class=\"desc\"><p>Els\u0151 alkalommal ker\u00fclt sor november 13. \u00e9s 14-\u00e9n az <strong>Orsz\u00e1gos Innov\u00e1ci\u00f3s Versenyre<\/strong> az Opel Szentgotth\u00e1rdn\u00e1l, melyet a <strong>\u201cJunior Achievement Magyarorsz\u00e1g\u201d (JAM)<\/strong> nev\u0171 civil szervezettel k\u00f6z\u00f6sen szervezett a c\u00e9g.<\/p><\/div>\r\n        <\/div>\r\n    <\/div>\r\n        <\/div>\r\n            <div class=\"col-md-6 inline-col feed-item\">\r\n            <div class=\"clearfix\">\r\n        <div class=\"img\">\r\n            <a  href=\"https:\/\/vmkik.hu\/hirek\/januar-elejen-indulnak-az-szktvosztv-szakmai-versenyek\">\r\n                <img class=\"img-responsive img-center\" src=\"\/uploads\/feed_items\/small-szakmasztar-17658786517501.jpg\" alt=\"Janu\u00e1r elej\u00e9n indulnak az SZKTV\/OSZTV szakmai versenyek\">\r\n            <\/a>\r\n        <\/div>\r\n        <div class=\"info\">\r\n            <div class=\"title\"><a  href=\"https:\/\/vmkik.hu\/hirek\/januar-elejen-indulnak-az-szktvosztv-szakmai-versenyek\">Janu\u00e1r elej\u00e9n indulnak az SZKTV\/OSZTV szakmai versenyek<\/a><\/div>\r\n                            <ul class=\"categories\">\r\n                                            <li><a style=\"background: #9e2961; color: #ffffff\" href=\"https:\/\/vmkik.hu\/hirek\/uton-a-szakmak-vilagaban\">Szakk\u00e9pz\u00e9s<\/a><\/li>\r\n                                            <li><a style=\"background: #5c299e; color: #ffffff\" href=\"https:\/\/vmkik.hu\/hirek\/hirek\">H\u00edrek<\/a><\/li>\r\n                                        <li><span class=\"public-at\">2025. december 16.<\/span><\/li>\r\n                <\/ul>\r\n                        <div class=\"desc\"><p style=\"text-align:justify\">A Magyar Kereskedelmi \u00e9s Iparkamara \u00e1ltal szervezett SZKTV\/OSZTV szakmai versenyek ter\u00fcleti el\u0151v\u00e1logat\u00f3i a versenyfelh\u00edv\u00e1s alapj\u00e1n<strong> 2026. janu\u00e1r 6-19. k\u00f6z\u00f6tt az MKIK Oktat\u00e1si port\u00e1lon online m\u00f3don ker\u00fclnek lebonyol\u00edt\u00e1sra.<\/strong><\/p><\/div>\r\n        <\/div>\r\n    <\/div>\r\n        <\/div>\r\n            <div class=\"col-md-6 inline-col feed-item\">\r\n            <div class=\"clearfix\">\r\n        <div class=\"img\">\r\n            <a  href=\"https:\/\/vmkik.hu\/hirek\/szakiranyu-tovabbkepzesek-a-nav-kiszuri-a-szochokedvezmennyel-trukkozoket\">\r\n                <img class=\"img-responsive img-center\" src=\"\/uploads\/feed_items\/small-szakiranyu-tovabbkepzes-17657979430101.jpg\" alt=\"Szakir\u00e1ny\u00fa tov\u00e1bbk\u00e9pz\u00e9sek: a NAV kisz\u0171ri a szochokedvezm\u00e9nnyel tr\u00fckk\u00f6z\u0151ket\">\r\n            <\/a>\r\n        <\/div>\r\n        <div class=\"info\">\r\n            <div class=\"title\"><a  href=\"https:\/\/vmkik.hu\/hirek\/szakiranyu-tovabbkepzesek-a-nav-kiszuri-a-szochokedvezmennyel-trukkozoket\">Szakir\u00e1ny\u00fa tov\u00e1bbk\u00e9pz\u00e9sek: a NAV kisz\u0171ri a szochokedvezm\u00e9nnyel tr\u00fckk\u00f6z\u0151ket<\/a><\/div>\r\n                            <ul class=\"categories\">\r\n                                            <li><a style=\"background: #5c299e; color: #ffffff\" href=\"https:\/\/vmkik.hu\/hirek\/hirek\">H\u00edrek<\/a><\/li>\r\n                                        <li><span class=\"public-at\">2025. december 15.<\/span><\/li>\r\n                <\/ul>\r\n                        <div class=\"desc\"><p>Ellen\u0151rzi a saj\u00e1t munkav\u00e1llal\u00f3t k\u00e9pz\u0151 c\u00e9gek szochokedvezm\u00e9nyeit a NAV. A jogszab\u00e1lys\u00e9rt\u0151k - \u00edgy p\u00e9ld\u00e1ul a munkav\u00e1llal\u00f3ik sz\u00e1m\u00e1t csak a kedvezm\u00e9nyek miatt felduzzaszt\u00f3, vagy az egy id\u0151ben t\u00f6bb helyen jelen l\u00e9v\u0151 oktat\u00f3t lejelent\u0151 v\u00e1llalkoz\u00e1sok - s\u00falyos szankci\u00f3ra sz\u00e1m\u00edthatnak.<\/p><\/div>\r\n        <\/div>\r\n    <\/div>\r\n        <\/div>\r\n            <div class=\"col-md-6 inline-col feed-item\">\r\n            <div class=\"clearfix\">\r\n        <div class=\"img\">\r\n            <a  href=\"https:\/\/vmkik.hu\/hirek\/unios-polgarok-egy-asztalnal-fokuszban-az-egymas-iranti-felelosseg\">\r\n                <img class=\"img-responsive img-center\" src=\"\/uploads\/feed_items\/small-1eu-1765447850252.jpg\" alt=\"Uni\u00f3s polg\u00e1rok egy asztaln\u00e1l \u2013 f\u00f3kuszban az egym\u00e1s ir\u00e1nti felel\u0151ss\u00e9g\">\r\n            <\/a>\r\n        <\/div>\r\n        <div class=\"info\">\r\n            <div class=\"title\"><a  href=\"https:\/\/vmkik.hu\/hirek\/unios-polgarok-egy-asztalnal-fokuszban-az-egymas-iranti-felelosseg\">Uni\u00f3s polg\u00e1rok egy asztaln\u00e1l \u2013 f\u00f3kuszban az egym\u00e1s ir\u00e1nti felel\u0151ss\u00e9g<\/a><\/div>\r\n                            <ul class=\"categories\">\r\n                                            <li><a style=\"background: #5c299e; color: #ffffff\" href=\"https:\/\/vmkik.hu\/hirek\/hirek\">H\u00edrek<\/a><\/li>\r\n                                            <li><a style=\"background: #2a299e; color: #ffffff\" href=\"https:\/\/vmkik.hu\/hirek\/europe-direct\">Europe Direct<\/a><\/li>\r\n                                        <li><span class=\"public-at\">2025. december 11.<\/span><\/li>\r\n                <\/ul>\r\n                        <div class=\"desc\"><p style=\"text-align:justify\">Id\u00e9n \u0151sszel a 27 uni\u00f3s tag\u00e1llam 150 v\u00e9letlenszer\u0171en kiv\u00e1lasztott \u00e1llampolg\u00e1ra gy\u0171lt \u00f6ssze az Eur\u00f3pai Bizotts\u00e1g kezdem\u00e9nyez\u00e9s\u00e9re, hogy megvitass\u00e1k: milyen a jelen \u00e9s j\u00f6v\u0151 gener\u00e1ci\u00f3i sz\u00e1m\u00e1ra az igazs\u00e1gos \u00e9s fenntarthat\u00f3 Eur\u00f3pai Uni\u00f3.<\/p><\/div>\r\n        <\/div>\r\n    <\/div>\r\n        <\/div>\r\n            <div class=\"col-md-6 inline-col feed-item\">\r\n            <div class=\"clearfix\">\r\n        <div class=\"img\">\r\n            <a  href=\"https:\/\/vmkik.hu\/hirek\/jonak-lenni-jo\">\r\n                <img class=\"img-responsive img-center\" src=\"\/uploads\/feed_items\/small-jonaklennijo-1765447232669.jpg\" alt=\"J\u00f3nak lenni j\u00f3!\">\r\n            <\/a>\r\n        <\/div>\r\n        <div class=\"info\">\r\n            <div class=\"title\"><a  href=\"https:\/\/vmkik.hu\/hirek\/jonak-lenni-jo\">J\u00f3nak lenni j\u00f3!<\/a><\/div>\r\n                            <ul class=\"categories\">\r\n                                            <li><a style=\"background: #5c299e; color: #ffffff\" href=\"https:\/\/vmkik.hu\/hirek\/hirek\">H\u00edrek<\/a><\/li>\r\n                                        <li><span class=\"public-at\">2025. december 11.<\/span><\/li>\r\n                <\/ul>\r\n                        <div class=\"desc\"><p style=\"text-align:justify\">A k\u00f6zm\u00e9dia id\u00e9n is megszervezi hagyom\u00e1nyos kar\u00e1csonyi j\u00f3t\u00e9konys\u00e1gi m\u0171sor\u00e1t, a <strong>\u201eJ\u00f3nak lenni j\u00f3!\u201d<\/strong> programot, amely 2025-ben a h\u00e1bor\u00fa s\u00fajtotta K\u00e1rp\u00e1talj\u00e1n \u00e9l\u0151 \u00e1rva, f\u00e9l\u00e1rva, beteg \u00e9s n\u00e9lk\u00fcl\u00f6z\u0151 gyermekek t\u00e1mogat\u00e1s\u00e1t szolg\u00e1lja. A befolyt adom\u00e1nyok a Kegyes Alap\u00edtv\u00e1ny k\u00f6zrem\u0171k\u00f6d\u00e9s\u00e9vel jutnak el a r\u00e1szorul\u00f3khoz.<\/p><\/div>\r\n        <\/div>\r\n    <\/div>\r\n        <\/div>\r\n            <div class=\"col-md-6 inline-col feed-item\">\r\n            <div class=\"clearfix\">\r\n        <div class=\"img\">\r\n            <a  href=\"https:\/\/vmkik.hu\/hirek\/palyazatok-2025-december\">\r\n                <img class=\"img-responsive img-center\" src=\"\/uploads\/feed_items\/small-palyazathoz-17654465914567.jpg\" alt=\"P\u00e1ly\u00e1zatok 2025. december\">\r\n            <\/a>\r\n        <\/div>\r\n        <div class=\"info\">\r\n            <div class=\"title\"><a  href=\"https:\/\/vmkik.hu\/hirek\/palyazatok-2025-december\">P\u00e1ly\u00e1zatok 2025. december<\/a><\/div>\r\n                            <ul class=\"categories\">\r\n                                            <li><a style=\"background: #5c299e; color: #ffffff\" href=\"https:\/\/vmkik.hu\/hirek\/hirek\">H\u00edrek<\/a><\/li>\r\n                                            <li><a style=\"background: #299e9e; color: #ffffff\" href=\"https:\/\/vmkik.hu\/hirek\/palyazatok\">P\u00e1ly\u00e1zatok<\/a><\/li>\r\n                                        <li><span class=\"public-at\">2025. december 11.<\/span><\/li>\r\n                <\/ul>\r\n                        <div class=\"desc\"><p>Mell\u00e9kleteinkben el\u00e9rik a legfontosabb inform\u00e1ci\u00f3kat azokr\u00f3l az aktu\u00e1lis p\u00e1ly\u00e1zatokr\u00f3l, amelyek jelenleg a k\u00fcl\u00f6nb\u00f6z\u0151 szervezetek (gazd\u00e1lkod\u00f3 \u00e9s non-profit) sz\u00e1m\u00e1ra el\u00e9rhet\u0151k.<\/p><\/div>\r\n        <\/div>\r\n    <\/div>\r\n        <\/div>\r\n    <\/div>\r\n\r\n<ul class=\"pagination\">\r\n                    <li class=\"left\"><a href=\"https:\/\/vmkik.hu\/api\/feeds\/page?page=30\" rel=\"prev\"><span class=\"icon icon-arrow-flat-left\"><\/span><\/a><\/li>\r\n        \r\n                    \r\n                                                                        <li><a href=\"https:\/\/vmkik.hu\/api\/feeds\/page?page=1\">01<\/a><\/li>\r\n                                                                                <li><a href=\"https:\/\/vmkik.hu\/api\/feeds\/page?page=2\">02<\/a><\/li>\r\n                                                                                    <li class=\"disabled\"><span>...<\/span><\/li>\r\n            \r\n                                \r\n                                                                        <li><a href=\"https:\/\/vmkik.hu\/api\/feeds\/page?page=28\">28<\/a><\/li>\r\n                                                                                <li><a href=\"https:\/\/vmkik.hu\/api\/feeds\/page?page=29\">29<\/a><\/li>\r\n                                                                                <li><a href=\"https:\/\/vmkik.hu\/api\/feeds\/page?page=30\">30<\/a><\/li>\r\n                                                                                <li class=\"active\"><span>31<\/span><\/li>\r\n                                                                                <li><a href=\"https:\/\/vmkik.hu\/api\/feeds\/page?page=32\">32<\/a><\/li>\r\n                                                                                <li><a href=\"https:\/\/vmkik.hu\/api\/feeds\/page?page=33\">33<\/a><\/li>\r\n                                                                                <li><a href=\"https:\/\/vmkik.hu\/api\/feeds\/page?page=34\">34<\/a><\/li>\r\n                                                                                    <li class=\"disabled\"><span>...<\/span><\/li>\r\n            \r\n                                \r\n                                                                        <li><a href=\"https:\/\/vmkik.hu\/api\/feeds\/page?page=475\">475<\/a><\/li>\r\n                                                                                <li><a href=\"https:\/\/vmkik.hu\/api\/feeds\/page?page=476\">476<\/a><\/li>\r\n                                                        \r\n                    <li class=\"right\"><a href=\"https:\/\/vmkik.hu\/api\/feeds\/page?page=32\" rel=\"next\"><span class=\"icon icon-arrow-flat-right\"><\/span><\/a><\/li>\r\n            <\/ul>\r\n\r\n","page":"31"}