{"content":"<div class=\"row inline-row\">\r\n                <div class=\"col-md-6 inline-col feed-item\">\r\n            <div class=\"clearfix\">\r\n        <div class=\"img\">\r\n            <a  href=\"https:\/\/vmkik.hu\/hirek\/nemzetkozi-gazdasagi-hirlevel-1210\">\r\n                <img class=\"img-responsive img-center\" src=\"\/uploads\/feed_items\/small-nemzetkoezi-gazdasagi-hirlevel-17654369633667.jpg\" alt=\"Nemzetk\u00f6zi gazdas\u00e1gi h\u00edrlev\u00e9l 12.10.\">\r\n            <\/a>\r\n        <\/div>\r\n        <div class=\"info\">\r\n            <div class=\"title\"><a  href=\"https:\/\/vmkik.hu\/hirek\/nemzetkozi-gazdasagi-hirlevel-1210\">Nemzetk\u00f6zi gazdas\u00e1gi h\u00edrlev\u00e9l 12.10.<\/a><\/div>\r\n                            <ul class=\"categories\">\r\n                                            <li><a style=\"background: #5c299e; color: #ffffff\" href=\"https:\/\/vmkik.hu\/hirek\/hirek\">H\u00edrek<\/a><\/li>\r\n                                            <li><a style=\"background: #9e6f29; color: #ffffff\" href=\"https:\/\/vmkik.hu\/hirek\/gazdasagfejlesztes\">Gazdas\u00e1gfejleszt\u00e9s<\/a><\/li>\r\n                                        <li><span class=\"public-at\">2025. december 11.<\/span><\/li>\r\n                <\/ul>\r\n                        <div class=\"desc\"><p>H\u00edrek, naprak\u00e9sz inform\u00e1ci\u00f3k a k\u00fclkereskedelem szempontj\u00e1b\u00f3l meghat\u00e1roz\u00f3 orsz\u00e1gok aktu\u00e1lis gazdas\u00e1gi helyzet\u00e9r\u0151l \u00e9s az orsz\u00e1gokat \u00e9rint\u0151 legfontosabb int\u00e9zked\u00e9sekr\u0151l.<\/p><\/div>\r\n        <\/div>\r\n    <\/div>\r\n        <\/div>\r\n            <div class=\"col-md-6 inline-col feed-item\">\r\n            <div class=\"clearfix\">\r\n        <div class=\"img\">\r\n            <a  href=\"https:\/\/vmkik.hu\/hirek\/ujabb-5-evre-nyerte-el-a-vas-varmegyei-kereskedelmi-es-iparkamara-a-europe-direct-vas-mukodteteset\">\r\n                <img class=\"img-responsive img-center\" src=\"\/uploads\/feed_items\/small-ed-tabla2-17654468932029.jpg\" alt=\"\u00dajabb 5 \u00e9vre nyerte el a Vas V\u00e1rmegyei Kereskedelmi \u00e9s Iparkamara a EUROPE DIRECT VAS m\u0171k\u00f6dtet\u00e9s\u00e9t\">\r\n            <\/a>\r\n        <\/div>\r\n        <div class=\"info\">\r\n            <div class=\"title\"><a  href=\"https:\/\/vmkik.hu\/hirek\/ujabb-5-evre-nyerte-el-a-vas-varmegyei-kereskedelmi-es-iparkamara-a-europe-direct-vas-mukodteteset\">\u00dajabb 5 \u00e9vre nyerte el a Vas V\u00e1rmegyei Kereskedelmi \u00e9s Iparkamara a EUROPE DIRECT VAS m\u0171k\u00f6dtet\u00e9s\u00e9t<\/a><\/div>\r\n                            <ul class=\"categories\">\r\n                                            <li><a style=\"background: #5c299e; color: #ffffff\" href=\"https:\/\/vmkik.hu\/hirek\/hirek\">H\u00edrek<\/a><\/li>\r\n                                            <li><a style=\"background: #2a299e; color: #ffffff\" href=\"https:\/\/vmkik.hu\/hirek\/europe-direct\">Europe Direct<\/a><\/li>\r\n                                        <li><span class=\"public-at\">2025. december 10.<\/span><\/li>\r\n                <\/ul>\r\n                        <div class=\"desc\"><p>A Vas V\u00e1rmegyei Kereskedelmi \u00e9s Iparkamara \u00f6r\u00f6mmel \u00e9s b\u00fcszk\u00e9n jelenti be, hogy az Eur\u00f3pai Bizotts\u00e1g Magyarorsz\u00e1gi K\u00e9pviselete 2026\u20132030 k\u00f6z\u00f6tt ism\u00e9t bizalmat szavazott a szervezetnek: a kamara tov\u00e1bbi \u00f6t \u00e9vig m\u0171k\u00f6dtetheti a Europe Direct Vas t\u00e1j\u00e9koztat\u00f3 k\u00f6zpontot. Ez a d\u00f6nt\u00e9s fontos visszaigazol\u00e1sa annak a k\u00f6vetkezetes, magas sz\u00ednvonal\u00fa munk\u00e1nak, amelyet a kamara 2007 \u00f3ta v\u00e9gez az uni\u00f3s inform\u00e1ci\u00f3k helyi \u00e1tad\u00e1s\u00e1ban.<\/p><\/div>\r\n        <\/div>\r\n    <\/div>\r\n        <\/div>\r\n            <div class=\"col-md-6 inline-col feed-item\">\r\n            <div class=\"clearfix\">\r\n        <div class=\"img\">\r\n            <a  href=\"https:\/\/vmkik.hu\/hirek\/2028-tol-terjed-ki-az-unios-karbonpiac-a-hazakra-es-az-autokra\">\r\n                <img class=\"img-responsive img-center\" src=\"\/uploads\/feed_items\/small-images-17653649833587.jpg\" alt=\"2028-t\u00f3l terjed ki az uni\u00f3s karbonpiac a h\u00e1zakra \u00e9s az aut\u00f3kra\">\r\n            <\/a>\r\n        <\/div>\r\n        <div class=\"info\">\r\n            <div class=\"title\"><a  href=\"https:\/\/vmkik.hu\/hirek\/2028-tol-terjed-ki-az-unios-karbonpiac-a-hazakra-es-az-autokra\">2028-t\u00f3l terjed ki az uni\u00f3s karbonpiac a h\u00e1zakra \u00e9s az aut\u00f3kra<\/a><\/div>\r\n                            <ul class=\"categories\">\r\n                                            <li><a style=\"background: #5c299e; color: #ffffff\" href=\"https:\/\/vmkik.hu\/hirek\/hirek\">H\u00edrek<\/a><\/li>\r\n                                            <li><a style=\"background: #2a299e; color: #ffffff\" href=\"https:\/\/vmkik.hu\/hirek\/europe-direct\">Europe Direct<\/a><\/li>\r\n                                        <li><span class=\"public-at\">2025. december 10.<\/span><\/li>\r\n                <\/ul>\r\n                        <div class=\"desc\"><p>Az EU tag\u00e1llamai megegyeztek, hogy az ETS2 rendszert csak<strong> 2028-t\u00f3l<\/strong> terjesztik ki a lak\u00f3\u00e9p\u00fcletekre \u00e9s a k\u00f6z\u00fati k\u00f6zleked\u00e9sre, r\u00e9szek\u00e9nt a 2050-re kit\u0171z\u00f6tt kl\u00edmasemlegess\u00e9gi c\u00e9l el\u00e9r\u00e9s\u00e9nek.<\/p><\/div>\r\n        <\/div>\r\n    <\/div>\r\n        <\/div>\r\n            <div class=\"col-md-6 inline-col feed-item\">\r\n            <div class=\"clearfix\">\r\n        <div class=\"img\">\r\n            <a  href=\"https:\/\/vmkik.hu\/hirek\/tovabb-emelkedik-az-alanyi-adomentesseg-hatara\">\r\n                <img class=\"img-responsive img-center\" src=\"\/uploads\/feed_items\/small-nav-17653645888584.jpg\" alt=\"Tov\u00e1bb emelkedik az alanyi ad\u00f3mentess\u00e9g hat\u00e1ra\">\r\n            <\/a>\r\n        <\/div>\r\n        <div class=\"info\">\r\n            <div class=\"title\"><a  href=\"https:\/\/vmkik.hu\/hirek\/tovabb-emelkedik-az-alanyi-adomentesseg-hatara\">Tov\u00e1bb emelkedik az alanyi ad\u00f3mentess\u00e9g hat\u00e1ra<\/a><\/div>\r\n                            <ul class=\"categories\">\r\n                                            <li><a style=\"background: #5c299e; color: #ffffff\" href=\"https:\/\/vmkik.hu\/hirek\/hirek\">H\u00edrek<\/a><\/li>\r\n                                            <li><a style=\"background: #64299e; color: #ffffff\" href=\"https:\/\/vmkik.hu\/hirek\/vallalkozo-vagyok\">V\u00e1llalkoz\u00f3 vagyok<\/a><\/li>\r\n                                        <li><span class=\"public-at\">2025. december 10.<\/span><\/li>\r\n                <\/ul>\r\n                        <div class=\"desc\"><p>T\u00f6bb l\u00e9pcs\u0151ben emelkedik az alanyi ad\u00f3mentess\u00e9g \u00e9ves bev\u00e9teli korl\u00e1tja. A jelenlegi 18 milli\u00f3 forintos fels\u0151 hat\u00e1r 2026-ban 20 milli\u00f3, 2027-ben 22 milli\u00f3, 2028-ban pedig 24 milli\u00f3 forintra n\u0151. A mentess\u00e9get \u00fajonnan v\u00e1laszt\u00f3knak december 31-ig kell nyilatkozniuk, legegyszer\u0171bben az Online Nyomtatv\u00e1nykit\u00f6lt\u0151 Alkalmaz\u00e1sban (ONYA) .<\/p><\/div>\r\n        <\/div>\r\n    <\/div>\r\n        <\/div>\r\n            <div class=\"col-md-6 inline-col feed-item\">\r\n            <div class=\"clearfix\">\r\n        <div class=\"img\">\r\n            <a  href=\"https:\/\/vmkik.hu\/hirek\/25-millio-forint-allami-tamogatas-most-erdemes-energiatarolot-telepiteni\">\r\n                <img class=\"img-responsive img-center\" src=\"\/uploads\/feed_items\/small-halozatra-kapcsolt-uzem-1765364207481.jpg\" alt=\"2,5 milli\u00f3 forint \u00e1llami t\u00e1mogat\u00e1s - most \u00e9rdemes energiat\u00e1rol\u00f3t telep\u00edteni\">\r\n            <\/a>\r\n        <\/div>\r\n        <div class=\"info\">\r\n            <div class=\"title\"><a  href=\"https:\/\/vmkik.hu\/hirek\/25-millio-forint-allami-tamogatas-most-erdemes-energiatarolot-telepiteni\">2,5 milli\u00f3 forint \u00e1llami t\u00e1mogat\u00e1s - most \u00e9rdemes energiat\u00e1rol\u00f3t telep\u00edteni<\/a><\/div>\r\n                            <ul class=\"categories\">\r\n                                            <li><a style=\"background: #5c299e; color: #ffffff\" href=\"https:\/\/vmkik.hu\/hirek\/hirek\">H\u00edrek<\/a><\/li>\r\n                                            <li><a style=\"background: #299e9e; color: #ffffff\" href=\"https:\/\/vmkik.hu\/hirek\/palyazatok\">P\u00e1ly\u00e1zatok<\/a><\/li>\r\n                                        <li><span class=\"public-at\">2025. december 10.<\/span><\/li>\r\n                <\/ul>\r\n                        <div class=\"desc\"><p>100 milli\u00e1rd forintos keret\u00f6sszeggel \u00faj lakoss\u00e1gi energiat\u00e1rol\u00f3 program indul, amely a lakoss\u00e1g sz\u00e1m\u00e1ra kedvez\u0151 felt\u00e9telekkel teszi el\u00e9rhet\u0151v\u00e9 a modern akkumul\u00e1toros rendszerek telep\u00edt\u00e9s\u00e9t. A p\u00e1ly\u00e1zatban azok vehetnek r\u00e9szt, akik m\u00e1r rendelkeznek napelemmel, vagy v\u00e1llalj\u00e1k \u00faj napelemes rendszer ki\u00e9p\u00edt\u00e9s\u00e9t.<\/p><\/div>\r\n        <\/div>\r\n    <\/div>\r\n        <\/div>\r\n            <div class=\"col-md-6 inline-col feed-item\">\r\n            <div class=\"clearfix\">\r\n        <div class=\"img\">\r\n            <a  href=\"https:\/\/vmkik.hu\/hirek\/konnyebb-eafa-a-vallalkozoknak\">\r\n                <img class=\"img-responsive img-center\" src=\"\/uploads\/feed_items\/small-eafa-17652759465225.jpg\" alt=\"K\u00f6nnyebb e\u00c1FA a v\u00e1llalkoz\u00f3knak\">\r\n            <\/a>\r\n        <\/div>\r\n        <div class=\"info\">\r\n            <div class=\"title\"><a  href=\"https:\/\/vmkik.hu\/hirek\/konnyebb-eafa-a-vallalkozoknak\">K\u00f6nnyebb e\u00c1FA a v\u00e1llalkoz\u00f3knak<\/a><\/div>\r\n                            <ul class=\"categories\">\r\n                                            <li><a style=\"background: #5c299e; color: #ffffff\" href=\"https:\/\/vmkik.hu\/hirek\/hirek\">H\u00edrek<\/a><\/li>\r\n                                            <li><a style=\"background: #64299e; color: #ffffff\" href=\"https:\/\/vmkik.hu\/hirek\/vallalkozo-vagyok\">V\u00e1llalkoz\u00f3 vagyok<\/a><\/li>\r\n                                        <li><span class=\"public-at\">2025. december 09.<\/span><\/li>\r\n                <\/ul>\r\n                        <div class=\"desc\"><p>Vide\u00f3sorozatot ind\u00edt a Nemzeti Ad\u00f3- \u00e9s V\u00e1mhivatal (NAV) annak \u00e9rdek\u00e9ben, hogy az e\u00c1FA rendszer webes fel\u00fclet\u00e9nek haszn\u00e1lata m\u00e9g k\u00f6nnyebb\u00e9 v\u00e1ljon. A r\u00f6vid vide\u00f3k seg\u00edts\u00e9g\u00e9vel az egyre n\u00e9pszer\u0171bb \u00e1fabevall\u00e1si m\u00f3dszert a kisv\u00e1llalkoz\u00e1sok is k\u00f6nnyed\u00e9n alkalmazhatj\u00e1k. A k\u00f6z\u00e9rthet\u0151 vide\u00f3s seg\u00e9dletek gyakran haszn\u00e1lt funkci\u00f3kat, vagy \u00e9pp egy-egy speci\u00e1lisabb t\u00e9m\u00e1t mutatnak be.<\/p><\/div>\r\n        <\/div>\r\n    <\/div>\r\n        <\/div>\r\n            <div class=\"col-md-6 inline-col feed-item\">\r\n            <div class=\"clearfix\">\r\n        <div class=\"img\">\r\n            <a  href=\"https:\/\/vmkik.hu\/hirek\/uj-intezkedesek-a-nyersanyag-biztonsag-erdekeben\">\r\n                <img class=\"img-responsive img-center\" src=\"\/uploads\/feed_items\/small-highlight-17652700253991.jpg\" alt=\"\u00daj int\u00e9zked\u00e9sek a nyersanyag-biztons\u00e1g \u00e9rdek\u00e9ben\">\r\n            <\/a>\r\n        <\/div>\r\n        <div class=\"info\">\r\n            <div class=\"title\"><a  href=\"https:\/\/vmkik.hu\/hirek\/uj-intezkedesek-a-nyersanyag-biztonsag-erdekeben\">\u00daj int\u00e9zked\u00e9sek a nyersanyag-biztons\u00e1g \u00e9rdek\u00e9ben<\/a><\/div>\r\n                            <ul class=\"categories\">\r\n                                            <li><a style=\"background: #5c299e; color: #ffffff\" href=\"https:\/\/vmkik.hu\/hirek\/hirek\">H\u00edrek<\/a><\/li>\r\n                                            <li><a style=\"background: #9e6f29; color: #ffffff\" href=\"https:\/\/vmkik.hu\/hirek\/gazdasagfejlesztes\">Gazdas\u00e1gfejleszt\u00e9s<\/a><\/li>\r\n                                            <li><a style=\"background: #2a299e; color: #ffffff\" href=\"https:\/\/vmkik.hu\/hirek\/europe-direct\">Europe Direct<\/a><\/li>\r\n                                        <li><span class=\"public-at\">2025. december 09.<\/span><\/li>\r\n                <\/ul>\r\n                        <div class=\"desc\"><p>Az Eur\u00f3pai Bizotts\u00e1g t\u00f6bb \u00faj kezdem\u00e9nyez\u00e9st javasol annak \u00e9rdek\u00e9ben, hogy meger\u0151s\u00edtse az EU gazdas\u00e1gi biztons\u00e1g\u00e1t \u00e9s n\u00f6velje versenyk\u00e9pess\u00e9g\u00e9t.<\/p><\/div>\r\n        <\/div>\r\n    <\/div>\r\n        <\/div>\r\n            <div class=\"col-md-6 inline-col feed-item\">\r\n            <div class=\"clearfix\">\r\n        <div class=\"img\">\r\n            <a  href=\"https:\/\/vmkik.hu\/hirek\/visszaelest-bejelento-szemelyeket-tamogato-eszkoz\">\r\n                <img class=\"img-responsive img-center\" src=\"\/uploads\/feed_items\/small-mi-17651803451939.jpg\" alt=\"Vissza\u00e9l\u00e9st bejelent\u0151 szem\u00e9lyeket t\u00e1mogat\u00f3 eszk\u00f6z\">\r\n            <\/a>\r\n        <\/div>\r\n        <div class=\"info\">\r\n            <div class=\"title\"><a  href=\"https:\/\/vmkik.hu\/hirek\/visszaelest-bejelento-szemelyeket-tamogato-eszkoz\">Vissza\u00e9l\u00e9st bejelent\u0151 szem\u00e9lyeket t\u00e1mogat\u00f3 eszk\u00f6z<\/a><\/div>\r\n                            <ul class=\"categories\">\r\n                                            <li><a style=\"background: #5c299e; color: #ffffff\" href=\"https:\/\/vmkik.hu\/hirek\/hirek\">H\u00edrek<\/a><\/li>\r\n                                            <li><a style=\"background: #2a299e; color: #ffffff\" href=\"https:\/\/vmkik.hu\/hirek\/europe-direct\">Europe Direct<\/a><\/li>\r\n                                        <li><span class=\"public-at\">2025. december 08.<\/span><\/li>\r\n                <\/ul>\r\n                        <div class=\"desc\"><p>Az Eur\u00f3pai Bizotts\u00e1g elind\u00edtotta a mesters\u00e9ges intelligenci\u00e1r\u00f3l sz\u00f3l\u00f3 jogszab\u00e1ly vissza\u00e9l\u00e9st bejelent\u0151 szem\u00e9lyek sz\u00e1m\u00e1ra szolg\u00e1l\u00f3 eszk\u00f6z\u00e9t, mely anonimit\u00e1st biztos\u00edtva teszi lehet\u0151v\u00e9 a naprak\u00e9sz inform\u00e1ci\u00f3k el\u00e9rhet\u0151s\u00e9g\u00e9t.<\/p><\/div>\r\n        <\/div>\r\n    <\/div>\r\n        <\/div>\r\n    <\/div>\r\n\r\n<ul class=\"pagination\">\r\n                    <li class=\"left\"><a href=\"https:\/\/vmkik.hu\/api\/feeds\/page?page=31\" rel=\"prev\"><span class=\"icon icon-arrow-flat-left\"><\/span><\/a><\/li>\r\n        \r\n                    \r\n                                                                        <li><a href=\"https:\/\/vmkik.hu\/api\/feeds\/page?page=1\">01<\/a><\/li>\r\n                                                                                <li><a href=\"https:\/\/vmkik.hu\/api\/feeds\/page?page=2\">02<\/a><\/li>\r\n                                                                                    <li class=\"disabled\"><span>...<\/span><\/li>\r\n            \r\n                                \r\n                                                                        <li><a href=\"https:\/\/vmkik.hu\/api\/feeds\/page?page=29\">29<\/a><\/li>\r\n                                                                                <li><a href=\"https:\/\/vmkik.hu\/api\/feeds\/page?page=30\">30<\/a><\/li>\r\n                                                                                <li><a href=\"https:\/\/vmkik.hu\/api\/feeds\/page?page=31\">31<\/a><\/li>\r\n                                                                                <li class=\"active\"><span>32<\/span><\/li>\r\n                                                                                <li><a href=\"https:\/\/vmkik.hu\/api\/feeds\/page?page=33\">33<\/a><\/li>\r\n                                                                                <li><a href=\"https:\/\/vmkik.hu\/api\/feeds\/page?page=34\">34<\/a><\/li>\r\n                                                                                <li><a href=\"https:\/\/vmkik.hu\/api\/feeds\/page?page=35\">35<\/a><\/li>\r\n                                                                                    <li class=\"disabled\"><span>...<\/span><\/li>\r\n            \r\n                                \r\n                                                                        <li><a href=\"https:\/\/vmkik.hu\/api\/feeds\/page?page=475\">475<\/a><\/li>\r\n                                                                                <li><a href=\"https:\/\/vmkik.hu\/api\/feeds\/page?page=476\">476<\/a><\/li>\r\n                                                        \r\n                    <li class=\"right\"><a href=\"https:\/\/vmkik.hu\/api\/feeds\/page?page=33\" rel=\"next\"><span class=\"icon icon-arrow-flat-right\"><\/span><\/a><\/li>\r\n            <\/ul>\r\n\r\n","page":"32"}