{"content":"<div class=\"row inline-row\">\r\n                <div class=\"col-md-6 inline-col feed-item\">\r\n            <div class=\"clearfix\">\r\n        <div class=\"img\">\r\n            <a  href=\"https:\/\/vmkik.hu\/hirek\/hamarosan-megjelenik-az-uj-unios-ciklus-elso-kkv-knak-szolo-kapacitasbovito-felhivasa\">\r\n                <img class=\"img-responsive img-center\" src=\"\/uploads\/feed_items\/small-palyazat-1610533487563.jpg\" alt=\"Hamarosan megjelenik az \u00faj uni\u00f3s ciklus els\u0151 kkv-knak sz\u00f3l\u00f3 kapacit\u00e1sb\u0151v\u00edt\u0151 felh\u00edv\u00e1sa\">\r\n            <\/a>\r\n        <\/div>\r\n        <div class=\"info\">\r\n            <div class=\"title\"><a  href=\"https:\/\/vmkik.hu\/hirek\/hamarosan-megjelenik-az-uj-unios-ciklus-elso-kkv-knak-szolo-kapacitasbovito-felhivasa\">Hamarosan megjelenik az \u00faj uni\u00f3s ciklus els\u0151 kkv-knak sz\u00f3l\u00f3 kapacit\u00e1sb\u0151v\u00edt\u0151 felh\u00edv\u00e1sa<\/a><\/div>\r\n                            <ul class=\"categories\">\r\n                                            <li><a style=\"background: #2a299e; color: #ffffff\" href=\"https:\/\/vmkik.hu\/hirek\/europe-direct\">Europe Direct<\/a><\/li>\r\n                                            <li><a style=\"background: #299e9e; color: #ffffff\" href=\"https:\/\/vmkik.hu\/hirek\/palyazatok\">P\u00e1ly\u00e1zatok<\/a><\/li>\r\n                                        <li><span class=\"public-at\">2021. janu\u00e1r 13.<\/span><\/li>\r\n                <\/ul>\r\n                        <div class=\"desc\"><p style=\"text-align:justify\">A 2021-2027-es p\u00e1ly\u00e1zati strukt\u00far\u00e1ban a V\u00e1llalkoz\u00e1sfejleszt\u00e9si \u00e9s Innov\u00e1ci\u00f3s Operat\u00edv Program folyamatosan megjelen\u0151 felh\u00edv\u00e1sait \u00e9rdemes a v\u00e1llalkoz\u00e1soknak figyelemmel k\u00eds\u00e9rni. M\u00e1r el\u00e9rhet\u0151 az els\u0151 kapacit\u00e1sb\u0151v\u00edt\u0151 kkv-knak sz\u00f3l\u00f3 felh\u00edv\u00e1s tervezete, ami lehet\u0151s\u00e9get biztos\u00edt eszk\u00f6zbeszerz\u00e9sre \u00e9s telephelyfejleszt\u00e9sre is.<\/p><\/div>\r\n        <\/div>\r\n    <\/div>\r\n        <\/div>\r\n            <div class=\"col-md-6 inline-col feed-item\">\r\n            <div class=\"clearfix\">\r\n        <div class=\"img\">\r\n            <a  href=\"https:\/\/vmkik.hu\/hirek\/beszallitoi-program-az-elelmiszeripari-vallalkozasok-fejleszteseinek-tamogatasara\">\r\n                <img class=\"img-responsive img-center\" src=\"\/uploads\/feed_items\/small-zoeldsegek-1610528456068.jpg\" alt=\"Besz\u00e1ll\u00edt\u00f3i program az \u00e9lelmiszeripari v\u00e1llalkoz\u00e1sok fejleszt\u00e9seinek t\u00e1mogat\u00e1s\u00e1ra\">\r\n            <\/a>\r\n        <\/div>\r\n        <div class=\"info\">\r\n            <div class=\"title\"><a  href=\"https:\/\/vmkik.hu\/hirek\/beszallitoi-program-az-elelmiszeripari-vallalkozasok-fejleszteseinek-tamogatasara\">Besz\u00e1ll\u00edt\u00f3i program az \u00e9lelmiszeripari v\u00e1llalkoz\u00e1sok fejleszt\u00e9seinek t\u00e1mogat\u00e1s\u00e1ra<\/a><\/div>\r\n                            <ul class=\"categories\">\r\n                                            <li><a style=\"background: #299e9e; color: #ffffff\" href=\"https:\/\/vmkik.hu\/hirek\/palyazatok\">P\u00e1ly\u00e1zatok<\/a><\/li>\r\n                                        <li><span class=\"public-at\">2021. janu\u00e1r 13.<\/span><\/li>\r\n                <\/ul>\r\n                        <div class=\"desc\"><p style=\"text-align:justify\">Janu\u00e1r 11-t\u0151l v\u00e1rj\u00e1k a besz\u00e1ll\u00edt\u00f3k jelentkez\u00e9s\u00e9t az \u00e9lelmiszeripari v\u00e1llalkoz\u00e1sokat t\u00e1mogat\u00f3 programra, amelyet tavaly decemberben hirdetett meg az Innov\u00e1ci\u00f3s \u00e9s Technol\u00f3giai Miniszt\u00e9rium.<\/p><\/div>\r\n        <\/div>\r\n    <\/div>\r\n        <\/div>\r\n            <div class=\"col-md-6 inline-col feed-item\">\r\n            <div class=\"clearfix\">\r\n        <div class=\"img\">\r\n            <a  href=\"https:\/\/vmkik.hu\/hirek\/brexit-mi-valtozott\">\r\n                <img class=\"img-responsive img-center\" src=\"\/uploads\/feed_items\/small-brexit-16105266162465.jpg\" alt=\"Brexit \u2013 mi v\u00e1ltozott?\">\r\n            <\/a>\r\n        <\/div>\r\n        <div class=\"info\">\r\n            <div class=\"title\"><a  href=\"https:\/\/vmkik.hu\/hirek\/brexit-mi-valtozott\">Brexit \u2013 mi v\u00e1ltozott?<\/a><\/div>\r\n                            <ul class=\"categories\">\r\n                                            <li><a style=\"background: #5c299e; color: #ffffff\" href=\"https:\/\/vmkik.hu\/hirek\/hirek\">H\u00edrek<\/a><\/li>\r\n                                            <li><a style=\"background: #64299e; color: #ffffff\" href=\"https:\/\/vmkik.hu\/hirek\/vallalkozo-vagyok\">V\u00e1llalkoz\u00f3 vagyok<\/a><\/li>\r\n                                        <li><span class=\"public-at\">2021. janu\u00e1r 13.<\/span><\/li>\r\n                <\/ul>\r\n                        <div class=\"desc\"><p style=\"text-align:justify\">Az Egyes\u00fclt Kir\u00e1lys\u00e1g 2020. febru\u00e1r 1-j\u00e9n kil\u00e9pett az Eur\u00f3pai Uni\u00f3b\u00f3l (EU) \u00e9s 2021. janu\u00e1r 1-j\u00e9n elhagyta az EU v\u00e1muni\u00f3j\u00e1t is, ez\u00e9rt a magyar keresked\u0151k, v\u00e1llalkoz\u00e1sok \u00e9s \u00e1llampolg\u00e1rok is jelent\u0151s v\u00e1ltoz\u00e1sokat tapasztalhatnak a brexit miatt.<\/p><\/div>\r\n        <\/div>\r\n    <\/div>\r\n        <\/div>\r\n            <div class=\"col-md-6 inline-col feed-item\">\r\n            <div class=\"clearfix\">\r\n        <div class=\"img\">\r\n            <a  href=\"https:\/\/vmkik.hu\/hirek\/az-utazas-elkezdodik-2021-a-vasut-europai-eve\">\r\n                <img class=\"img-responsive img-center\" src=\"\/uploads\/feed_items\/small-vasut-2-16104408189976.jpg\" alt=\"Az utaz\u00e1s elkezd\u0151dik \u2013 2021 a vas\u00fat eur\u00f3pai \u00e9ve!\">\r\n            <\/a>\r\n        <\/div>\r\n        <div class=\"info\">\r\n            <div class=\"title\"><a  href=\"https:\/\/vmkik.hu\/hirek\/az-utazas-elkezdodik-2021-a-vasut-europai-eve\">Az utaz\u00e1s elkezd\u0151dik \u2013 2021 a vas\u00fat eur\u00f3pai \u00e9ve!<\/a><\/div>\r\n                            <ul class=\"categories\">\r\n                                            <li><a style=\"background: #2a299e; color: #ffffff\" href=\"https:\/\/vmkik.hu\/hirek\/europe-direct\">Europe Direct<\/a><\/li>\r\n                                        <li><span class=\"public-at\">2021. janu\u00e1r 12.<\/span><\/li>\r\n                <\/ul>\r\n                        <div class=\"desc\"><p style=\"text-align:justify\">Az Eur\u00f3pai Bizotts\u00e1g kezdem\u00e9nyez\u00e9se kiemeli a vas\u00fat mint fenntarthat\u00f3, intelligens \u00e9s biztons\u00e1gos k\u00f6zleked\u00e9si eszk\u00f6z el\u0151nyeit. 2021 folyam\u00e1n a vas\u00fat ker\u00fcl sz\u00e1mos tev\u00e9kenys\u00e9g k\u00f6z\u00e9ppontj\u00e1ba az eg\u00e9sz kontinensen annak \u00e9rdek\u00e9ben, hogy mind a polg\u00e1rok, mind a v\u00e1llalkoz\u00e1sok k\u00f6r\u00e9ben \u00f6szt\u00f6n\u00f6zz\u00e9k a vas\u00fat haszn\u00e1lat\u00e1t, \u00e9s hozz\u00e1j\u00e1ruljanak a z\u00f6ld meg\u00e1llapod\u00e1sban foglalt azon c\u00e9l megval\u00f3s\u00edt\u00e1s\u00e1hoz, hogy az EU 2050-ig kl\u00edmasemlegess\u00e9 v\u00e1ljon.<\/p><\/div>\r\n        <\/div>\r\n    <\/div>\r\n        <\/div>\r\n            <div class=\"col-md-6 inline-col feed-item\">\r\n            <div class=\"clearfix\">\r\n        <div class=\"img\">\r\n            <a  href=\"https:\/\/vmkik.hu\/hirek\/tajekoztatas-fizetesi-moratoriumrol\">\r\n                <img class=\"img-responsive img-center\" src=\"\/uploads\/feed_items\/small-penz-2-16103735623088.jpg\" alt=\"T\u00e1j\u00e9koztat\u00e1s fizet\u00e9si morat\u00f3riumr\u00f3l\">\r\n            <\/a>\r\n        <\/div>\r\n        <div class=\"info\">\r\n            <div class=\"title\"><a  href=\"https:\/\/vmkik.hu\/hirek\/tajekoztatas-fizetesi-moratoriumrol\">T\u00e1j\u00e9koztat\u00e1s fizet\u00e9si morat\u00f3riumr\u00f3l<\/a><\/div>\r\n                            <ul class=\"categories\">\r\n                                            <li><a style=\"background: #5c299e; color: #ffffff\" href=\"https:\/\/vmkik.hu\/hirek\/hirek\">H\u00edrek<\/a><\/li>\r\n                                        <li><span class=\"public-at\">2021. janu\u00e1r 11.<\/span><\/li>\r\n                <\/ul>\r\n                        <div class=\"desc\"><p style=\"text-align:justify\">Az egyes kiemelt t\u00e1rsadalmi csoportok, valamint p\u00e9nz\u00fcgyi neh\u00e9zs\u00e9ggel k\u00fczd\u0151 v\u00e1llalkoz\u00e1sok helyzet\u00e9nek stabiliz\u00e1l\u00e1s\u00e1t szolg\u00e1l\u00f3 \u00e1tmeneti int\u00e9zked\u00e9sek fizet\u00e9si morat\u00f3riumot biztos\u00edtanak, illetve hitelfelmond\u00e1si tilalmat \u00e1llap\u00edtanak meg.<\/p>\r\n\r\n<p style=\"text-align:justify\">&nbsp;<\/p>\r\n\r\n<p style=\"text-align:justify\">&nbsp;<\/p>\r\n\r\n<p style=\"text-align:justify\">&nbsp;<\/p>\r\n\r\n<p style=\"text-align:justify\">&nbsp;<\/p>\r\n\r\n<p style=\"text-align:justify\">&nbsp;<\/p><\/div>\r\n        <\/div>\r\n    <\/div>\r\n        <\/div>\r\n            <div class=\"col-md-6 inline-col feed-item\">\r\n            <div class=\"clearfix\">\r\n        <div class=\"img\">\r\n            <a  href=\"https:\/\/vmkik.hu\/hirek\/kulgazdasagi-hirlevel-2021-januar\">\r\n                <img class=\"img-responsive img-center\" src=\"\/uploads\/feed_items\/small-mkiklogo-2-16103557484149.jpg\" alt=\"K\u00fclgazdas\u00e1gi h\u00edrlev\u00e9l - 2021. janu\u00e1r\">\r\n            <\/a>\r\n        <\/div>\r\n        <div class=\"info\">\r\n            <div class=\"title\"><a  href=\"https:\/\/vmkik.hu\/hirek\/kulgazdasagi-hirlevel-2021-januar\">K\u00fclgazdas\u00e1gi h\u00edrlev\u00e9l - 2021. janu\u00e1r<\/a><\/div>\r\n                            <ul class=\"categories\">\r\n                                            <li><a style=\"background: #9e6f29; color: #ffffff\" href=\"https:\/\/vmkik.hu\/hirek\/gazdasagfejlesztes\">Gazdas\u00e1gfejleszt\u00e9s<\/a><\/li>\r\n                                        <li><span class=\"public-at\">2021. janu\u00e1r 11.<\/span><\/li>\r\n                <\/ul>\r\n                        <div class=\"desc\"><p style=\"text-align:justify\">Al\u00e1bbiakban olvashat\u00f3 a Magyar Kereskedelmi \u00e9s Iparkamara k\u00fclgazdas\u00e1gi h\u00edrlevele a k\u00fclkereskedelem szempontj\u00e1b\u00f3l fontosabb orsz\u00e1gok aktu\u00e1lis gazdas\u00e1gi helyzet\u00e9r\u0151l, az orsz\u00e1gokat \u00e9rint\u0151, legfontosabb int\u00e9zked\u00e9sekr\u0151l, az esetleges \u00e1ruforgalmi korl\u00e1toz\u00e1sokr\u00f3l, a legfontosabb gazdas\u00e1gi k\u00e9rd\u00e9sekr\u0151l \u00e9s \u00fczleti lehet\u0151s\u00e9gekr\u0151l.<\/p><\/div>\r\n        <\/div>\r\n    <\/div>\r\n        <\/div>\r\n            <div class=\"col-md-6 inline-col feed-item\">\r\n            <div class=\"clearfix\">\r\n        <div class=\"img\">\r\n            <a  href=\"https:\/\/vmkik.hu\/hirek\/kozlemeny-szktvosztv\">\r\n                <img class=\"img-responsive img-center\" src=\"\/uploads\/feed_items\/small-szakmasztar-logo-16103524882935.png\" alt=\"K\u00f6zlem\u00e9ny - SZKTV\/OSZTV\">\r\n            <\/a>\r\n        <\/div>\r\n        <div class=\"info\">\r\n            <div class=\"title\"><a  href=\"https:\/\/vmkik.hu\/hirek\/kozlemeny-szktvosztv\">K\u00f6zlem\u00e9ny - SZKTV\/OSZTV<\/a><\/div>\r\n                            <ul class=\"categories\">\r\n                                            <li><a style=\"background: #9e2961; color: #ffffff\" href=\"https:\/\/vmkik.hu\/hirek\/uton-a-szakmak-vilagaban\">Szakk\u00e9pz\u00e9s<\/a><\/li>\r\n                                        <li><span class=\"public-at\">2021. janu\u00e1r 11.<\/span><\/li>\r\n                <\/ul>\r\n                        <div class=\"desc\"><p>Tekintve, hogy janu\u00e1r 11-t\u0151l m\u00f3dosulnak az aktu\u00e1lis j\u00e1rv\u00e1ny\u00fcgyi int\u00e9zked\u00e9sek, a ter\u00fcleti el\u0151v\u00e1logat\u00f3k v\u00e1rhat\u00f3an janu\u00e1r 25-t\u0151l ker\u00fclnek lebonyol\u00edt\u00e1sra. K\u00f6vetve a bejelent\u00e9seket, ism\u00e9t t\u00e1j\u00e9koztat\u00e1st tesz\u00fcnk k\u00f6zz\u00e9 honlapunkon (www.szakmasztar.hu),ez\u00e9rt k\u00e9rj\u00fck annak folyamatos figyelemmel k\u00eds\u00e9r\u00e9s\u00e9t.<\/p><\/div>\r\n        <\/div>\r\n    <\/div>\r\n        <\/div>\r\n            <div class=\"col-md-6 inline-col feed-item\">\r\n            <div class=\"clearfix\">\r\n        <div class=\"img\">\r\n            <a  href=\"https:\/\/vmkik.hu\/hirek\/januar-11-e-utan-is-ervenyben-maradnak-a-korlatozasok\">\r\n                <img class=\"img-responsive img-center\" src=\"\/uploads\/feed_items\/small-covid-16100963409765.png\" alt=\"Janu\u00e1r 11-e ut\u00e1n is \u00e9rv\u00e9nyben maradnak a korl\u00e1toz\u00e1sok\">\r\n            <\/a>\r\n        <\/div>\r\n        <div class=\"info\">\r\n            <div class=\"title\"><a  href=\"https:\/\/vmkik.hu\/hirek\/januar-11-e-utan-is-ervenyben-maradnak-a-korlatozasok\">Janu\u00e1r 11-e ut\u00e1n is \u00e9rv\u00e9nyben maradnak a korl\u00e1toz\u00e1sok<\/a><\/div>\r\n                            <ul class=\"categories\">\r\n                                            <li><a style=\"background: #5c299e; color: #ffffff\" href=\"https:\/\/vmkik.hu\/hirek\/hirek\">H\u00edrek<\/a><\/li>\r\n                                        <li><span class=\"public-at\">2021. janu\u00e1r 08.<\/span><\/li>\r\n                <\/ul>\r\n                        <div class=\"desc\"><p><strong>Febru\u00e1r 1-j\u00e9ig meghosszabb\u00edtj\u00e1k a koronav\u00edrus-j\u00e1rv\u00e1ny miatt elrendelt korl\u00e1toz\u00f3 int\u00e9zked\u00e9seket, a k\u00f6z\u00e9piskol\u00e1kban is marad az online oktat\u00e1s.<\/strong><\/p><\/div>\r\n        <\/div>\r\n    <\/div>\r\n        <\/div>\r\n    <\/div>\r\n\r\n<ul class=\"pagination\">\r\n                    <li class=\"left\"><a href=\"https:\/\/vmkik.hu\/api\/feeds\/page?page=435\" rel=\"prev\"><span class=\"icon icon-arrow-flat-left\"><\/span><\/a><\/li>\r\n        \r\n                    \r\n                                                                        <li><a href=\"https:\/\/vmkik.hu\/api\/feeds\/page?page=1\">01<\/a><\/li>\r\n                                                                                <li><a href=\"https:\/\/vmkik.hu\/api\/feeds\/page?page=2\">02<\/a><\/li>\r\n                                                                                    <li class=\"disabled\"><span>...<\/span><\/li>\r\n            \r\n                                \r\n                                                                        <li><a href=\"https:\/\/vmkik.hu\/api\/feeds\/page?page=433\">433<\/a><\/li>\r\n                                                                                <li><a href=\"https:\/\/vmkik.hu\/api\/feeds\/page?page=434\">434<\/a><\/li>\r\n                                                                                <li><a href=\"https:\/\/vmkik.hu\/api\/feeds\/page?page=435\">435<\/a><\/li>\r\n                                                                                <li class=\"active\"><span>436<\/span><\/li>\r\n                                                                                <li><a href=\"https:\/\/vmkik.hu\/api\/feeds\/page?page=437\">437<\/a><\/li>\r\n                                                                                <li><a href=\"https:\/\/vmkik.hu\/api\/feeds\/page?page=438\">438<\/a><\/li>\r\n                                                                                <li><a href=\"https:\/\/vmkik.hu\/api\/feeds\/page?page=439\">439<\/a><\/li>\r\n                                                                                    <li class=\"disabled\"><span>...<\/span><\/li>\r\n            \r\n                                \r\n                                                                        <li><a href=\"https:\/\/vmkik.hu\/api\/feeds\/page?page=476\">476<\/a><\/li>\r\n                                                                                <li><a href=\"https:\/\/vmkik.hu\/api\/feeds\/page?page=477\">477<\/a><\/li>\r\n                                                        \r\n                    <li class=\"right\"><a href=\"https:\/\/vmkik.hu\/api\/feeds\/page?page=437\" rel=\"next\"><span class=\"icon icon-arrow-flat-right\"><\/span><\/a><\/li>\r\n            <\/ul>\r\n\r\n","page":"436"}