{"content":"<div class=\"row inline-row\">\r\n                <div class=\"col-md-6 inline-col feed-item\">\r\n            <div class=\"clearfix\">\r\n        <div class=\"img\">\r\n            <a  href=\"https:\/\/vmkik.hu\/hirek\/lehetseges-megoldasok-az-elektronikus-fizetes-megvalositasara\">\r\n                <img class=\"img-responsive img-center\" src=\"\/uploads\/feed_items\/small-bankkartya2-16100906513433.jpg\" alt=\"Lehets\u00e9ges megold\u00e1sok az elektronikus fizet\u00e9s megval\u00f3s\u00edt\u00e1s\u00e1ra\">\r\n            <\/a>\r\n        <\/div>\r\n        <div class=\"info\">\r\n            <div class=\"title\"><a  href=\"https:\/\/vmkik.hu\/hirek\/lehetseges-megoldasok-az-elektronikus-fizetes-megvalositasara\">Lehets\u00e9ges megold\u00e1sok az elektronikus fizet\u00e9s megval\u00f3s\u00edt\u00e1s\u00e1ra<\/a><\/div>\r\n                            <ul class=\"categories\">\r\n                                            <li><a style=\"background: #9e6f29; color: #ffffff\" href=\"https:\/\/vmkik.hu\/hirek\/gazdasagfejlesztes\">Gazdas\u00e1gfejleszt\u00e9s<\/a><\/li>\r\n                                        <li><span class=\"public-at\">2021. janu\u00e1r 08.<\/span><\/li>\r\n                <\/ul>\r\n                        <div class=\"desc\"><p>2021. janu\u00e1r 1-j\u00e9t\u0151l az online p\u00e9nzt\u00e1rg\u00e9p haszn\u00e1lat\u00e1ra k\u00f6telezetteknek biztos\u00edtani kell a fogyaszt\u00f3 sz\u00e1m\u00e1ra az elektronikus fizet\u00e9s lehet\u0151s\u00e9g\u00e9t \u00e9s annak folyamatos rendelkez\u00e9sre \u00e1ll\u00e1s\u00e1t.<\/p><\/div>\r\n        <\/div>\r\n    <\/div>\r\n        <\/div>\r\n            <div class=\"col-md-6 inline-col feed-item\">\r\n            <div class=\"clearfix\">\r\n        <div class=\"img\">\r\n            <a  href=\"https:\/\/vmkik.hu\/hirek\/pwc-online-tajekoztato-a-brexitrol-mire-erdemes-odafigyelni-2021-januar-1-jetol\">\r\n                <img class=\"img-responsive img-center\" src=\"\/uploads\/feed_items\/small-20180313pht99603-original-16100905175625.jpg\" alt=\"PwC online t\u00e1j\u00e9koztat\u00f3 a Brexitr\u0151l: mire \u00e9rdemes odafigyelni 2021. janu\u00e1r 1-j\u00e9t\u0151l?\">\r\n            <\/a>\r\n        <\/div>\r\n        <div class=\"info\">\r\n            <div class=\"title\"><a  href=\"https:\/\/vmkik.hu\/hirek\/pwc-online-tajekoztato-a-brexitrol-mire-erdemes-odafigyelni-2021-januar-1-jetol\">PwC online t\u00e1j\u00e9koztat\u00f3 a Brexitr\u0151l: mire \u00e9rdemes odafigyelni 2021. janu\u00e1r 1-j\u00e9t\u0151l?<\/a><\/div>\r\n                            <ul class=\"categories\">\r\n                                            <li><a style=\"background: #9e6f29; color: #ffffff\" href=\"https:\/\/vmkik.hu\/hirek\/gazdasagfejlesztes\">Gazdas\u00e1gfejleszt\u00e9s<\/a><\/li>\r\n                                        <li><span class=\"public-at\">2021. janu\u00e1r 08.<\/span><\/li>\r\n                <\/ul>\r\n                        <div class=\"desc\"><p>Figyelm\u00fckbe aj\u00e1nljuk a PwC Magyarorsz\u00e1g online esem\u00e9ny\u00e9t, amelynek t\u00e9m\u00e1ja: az Egyes\u00fclt Kir\u00e1lys\u00e1g EU-b\u00f3l t\u00f6rt\u00e9n\u0151 kil\u00e9p\u00e9s\u00e9vel kapcsolatos, 2021. janu\u00e1r 1-j\u00e9t\u0151l \u00e9letbe l\u00e9p\u0151 legfontosabb tudnival\u00f3k.<\/p><\/div>\r\n        <\/div>\r\n    <\/div>\r\n        <\/div>\r\n            <div class=\"col-md-6 inline-col feed-item\">\r\n            <div class=\"clearfix\">\r\n        <div class=\"img\">\r\n            <a  href=\"https:\/\/vmkik.hu\/hirek\/megjelent-a-szakkepzesi-magazin\">\r\n                <img class=\"img-responsive img-center\" src=\"\/uploads\/feed_items\/small-opeltk-16100126760149.jpg\" alt=\"Megjelent a Szakk\u00e9pz\u00e9si Magazin\">\r\n            <\/a>\r\n        <\/div>\r\n        <div class=\"info\">\r\n            <div class=\"title\"><a  href=\"https:\/\/vmkik.hu\/hirek\/megjelent-a-szakkepzesi-magazin\">Megjelent a Szakk\u00e9pz\u00e9si Magazin<\/a><\/div>\r\n                            <ul class=\"categories\">\r\n                                            <li><a style=\"background: #9e2961; color: #ffffff\" href=\"https:\/\/vmkik.hu\/hirek\/uton-a-szakmak-vilagaban\">Szakk\u00e9pz\u00e9s<\/a><\/li>\r\n                                        <li><span class=\"public-at\">2021. janu\u00e1r 07.<\/span><\/li>\r\n                <\/ul>\r\n                        <div class=\"desc\"><p>Megjelent a Magyar Kereskedelmi \u00e9s Iparkamara kiadv\u00e1nya az \u00dczleti7 Szakk\u00e9pz\u00e9si Magazin! Benne az Opel Tud\u00e1sk\u00f6zpont vezet\u0151j\u00e9vel k\u00e9sz\u00fclt interj\u00fat is megtal\u00e1lj\u00e1k.<\/p><\/div>\r\n        <\/div>\r\n    <\/div>\r\n        <\/div>\r\n            <div class=\"col-md-6 inline-col feed-item\">\r\n            <div class=\"clearfix\">\r\n        <div class=\"img\">\r\n            <a  href=\"https:\/\/vmkik.hu\/hirek\/frissitett-informacios-fuzetek-a-nav-oldalan\">\r\n                <img class=\"img-responsive img-center\" src=\"\/uploads\/feed_items\/small-nav-16100111028902.jpg\" alt=\"Friss\u00edtett inform\u00e1ci\u00f3s f\u00fczetek a NAV oldal\u00e1n\">\r\n            <\/a>\r\n        <\/div>\r\n        <div class=\"info\">\r\n            <div class=\"title\"><a  href=\"https:\/\/vmkik.hu\/hirek\/frissitett-informacios-fuzetek-a-nav-oldalan\">Friss\u00edtett inform\u00e1ci\u00f3s f\u00fczetek a NAV oldal\u00e1n<\/a><\/div>\r\n                            <ul class=\"categories\">\r\n                                            <li><a style=\"background: #9e6f29; color: #ffffff\" href=\"https:\/\/vmkik.hu\/hirek\/gazdasagfejlesztes\">Gazdas\u00e1gfejleszt\u00e9s<\/a><\/li>\r\n                                        <li><span class=\"public-at\">2021. janu\u00e1r 07.<\/span><\/li>\r\n                <\/ul>\r\n                        <div class=\"desc\"><p>A Nemzeti Ad\u00f3- \u00e9s V\u00e1mhivatal (NAV) szakemberei \u00e1ltal k\u00e9sz\u00edtett t\u00e1j\u00e9koztat\u00f3 anyagok j\u00f3 r\u00e9sz\u00e9t aktualiz\u00e1lt\u00e1k a 2021. \u00e9vre vonatkoz\u00f3an.<\/p><\/div>\r\n        <\/div>\r\n    <\/div>\r\n        <\/div>\r\n            <div class=\"col-md-6 inline-col feed-item\">\r\n            <div class=\"clearfix\">\r\n        <div class=\"img\">\r\n            <a  href=\"https:\/\/vmkik.hu\/hirek\/gki-rengeteg-munkahelyet-lehetett-volna-megmenteni-ha-nem-masra-kolt-a-kormany\">\r\n                <img class=\"img-responsive img-center\" src=\"\/uploads\/feed_items\/small-szalagmunka-16100102240769.jpg\" alt=\"GKI: rengeteg munkahelyet lehetett volna megmenteni, ha nem m\u00e1sra k\u00f6lt a korm\u00e1ny\">\r\n            <\/a>\r\n        <\/div>\r\n        <div class=\"info\">\r\n            <div class=\"title\"><a  href=\"https:\/\/vmkik.hu\/hirek\/gki-rengeteg-munkahelyet-lehetett-volna-megmenteni-ha-nem-masra-kolt-a-kormany\">GKI: rengeteg munkahelyet lehetett volna megmenteni, ha nem m\u00e1sra k\u00f6lt a korm\u00e1ny<\/a><\/div>\r\n                            <ul class=\"categories\">\r\n                                            <li><a style=\"background: #9e6f29; color: #ffffff\" href=\"https:\/\/vmkik.hu\/hirek\/gazdasagfejlesztes\">Gazdas\u00e1gfejleszt\u00e9s<\/a><\/li>\r\n                                        <li><span class=\"public-at\">2021. janu\u00e1r 07.<\/span><\/li>\r\n                <\/ul>\r\n                        <div class=\"desc\"><p>Egy val\u00f3di seg\u00edts\u00e9get ny\u00fajt\u00f3 \u00e1llami b\u00e9rt\u00e1mogat\u00e1si program l\u00e1tsz\u00f3lag rengeteg p\u00e9nzbe ker\u00fclt volna - hacsak nem n\u00e9zz\u00fck meg, mi m\u00e1sra jutottak m\u00e9g milli\u00e1rdok a Gazdas\u00e1gv\u00e9delmi alapb\u00f3l. GKI-elemz\u00e9s.<\/p><\/div>\r\n        <\/div>\r\n    <\/div>\r\n        <\/div>\r\n            <div class=\"col-md-6 inline-col feed-item\">\r\n            <div class=\"clearfix\">\r\n        <div class=\"img\">\r\n            <a  href=\"https:\/\/vmkik.hu\/hirek\/mentorod-leszek\">\r\n                <img class=\"img-responsive img-center\" src=\"\/uploads\/feed_items\/small-mentorod-leszek-01-16100027614632.jpg\" alt=\"Mentorod leszek\">\r\n            <\/a>\r\n        <\/div>\r\n        <div class=\"info\">\r\n            <div class=\"title\"><a  href=\"https:\/\/vmkik.hu\/hirek\/mentorod-leszek\">Mentorod leszek<\/a><\/div>\r\n                            <ul class=\"categories\">\r\n                                            <li><a style=\"background: #80299e; color: #ffffff\" href=\"https:\/\/vmkik.hu\/hirek\/palyaorientacio\">P\u00e1lyaorient\u00e1ci\u00f3<\/a><\/li>\r\n                                        <li><span class=\"public-at\">2021. janu\u00e1r 07.<\/span><\/li>\r\n                <\/ul>\r\n                        <div class=\"desc\"><p style=\"text-align:justify\">A Vas Megyei Kereskedelmi \u00e9s Iparkamara \u00fajdons\u00e1gk\u00e9nt \u00fatj\u00e1ra ind\u00edtja a Mentorod Leszek programot, melynek c\u00e9lja az iskol\u00e1k, k\u00e9pz\u0151helyek \u00e9s szakm\u00e1k bemutat\u00e1sa a di\u00e1kok szemsz\u00f6g\u00e9b\u0151l, els\u0151sorban a p\u00e1lyav\u00e1laszt\u00e1s el\u0151tt \u00e1ll\u00f3 7-8. oszt\u00e1lyos tanul\u00f3knak.<\/p><\/div>\r\n        <\/div>\r\n    <\/div>\r\n        <\/div>\r\n            <div class=\"col-md-6 inline-col feed-item\">\r\n            <div class=\"clearfix\">\r\n        <div class=\"img\">\r\n            <a  href=\"https:\/\/vmkik.hu\/hirek\/minel-dragabb-a-termek-annal-hosszabb-a-jotallasi-ido-uj-idoszamitas-kezdodott-januartol-a-jotallasban\">\r\n                <img class=\"img-responsive img-center\" src=\"\/uploads\/feed_items\/small-jotallas-16099326043449.jpg\" alt=\"Min\u00e9l dr\u00e1g\u00e1bb a term\u00e9k, ann\u00e1l hosszabb a j\u00f3t\u00e1ll\u00e1si id\u0151 - \u00daj id\u0151sz\u00e1m\u00edt\u00e1s kezd\u0151d\u00f6tt janu\u00e1rt\u00f3l a j\u00f3t\u00e1ll\u00e1sban\">\r\n            <\/a>\r\n        <\/div>\r\n        <div class=\"info\">\r\n            <div class=\"title\"><a  href=\"https:\/\/vmkik.hu\/hirek\/minel-dragabb-a-termek-annal-hosszabb-a-jotallasi-ido-uj-idoszamitas-kezdodott-januartol-a-jotallasban\">Min\u00e9l dr\u00e1g\u00e1bb a term\u00e9k, ann\u00e1l hosszabb a j\u00f3t\u00e1ll\u00e1si id\u0151 - \u00daj id\u0151sz\u00e1m\u00edt\u00e1s kezd\u0151d\u00f6tt janu\u00e1rt\u00f3l a j\u00f3t\u00e1ll\u00e1sban<\/a><\/div>\r\n                            <ul class=\"categories\">\r\n                                            <li><a style=\"background: #5c299e; color: #ffffff\" href=\"https:\/\/vmkik.hu\/hirek\/hirek\">H\u00edrek<\/a><\/li>\r\n                                        <li><span class=\"public-at\">2021. janu\u00e1r 06.<\/span><\/li>\r\n                <\/ul>\r\n                        <div class=\"desc\"><p style=\"text-align:justify\">A term\u00e9k \u00e1r\u00e1hoz igazod\u00f3, ak\u00e1r k\u00e9tszer-h\u00e1romszor hosszabb j\u00f3t\u00e1ll\u00e1ssal, egy\u00e9rtelm\u0171 jav\u00edt\u00e1si \u00e9s cserehat\u00e1rid\u0151kkel, az elektronikus j\u00f3t\u00e1ll\u00e1si jegy bevezet\u00e9s\u00e9vel er\u0151s\u00edtik a fogyaszt\u00f3k jogait az \u00faj\u00e9vben hat\u00e1lyba l\u00e9p\u0151 szab\u00e1lyv\u00e1ltoz\u00e1sok.<\/p><\/div>\r\n        <\/div>\r\n    <\/div>\r\n        <\/div>\r\n            <div class=\"col-md-6 inline-col feed-item\">\r\n            <div class=\"clearfix\">\r\n        <div class=\"img\">\r\n            <a  href=\"https:\/\/vmkik.hu\/hirek\/januar-1-jetol-el-az-uj-tipus-szerinti-besorolas-a-vendeglatohelyeknel\">\r\n                <img class=\"img-responsive img-center\" src=\"\/uploads\/feed_items\/small-outside-catering-1280-16099280241432.jpg\" alt=\"Janu\u00e1r 1-j\u00e9t\u0151l \u00e9l az \u00faj t\u00edpus szerinti besorol\u00e1s a vend\u00e9gl\u00e1t\u00f3helyekn\u00e9l\">\r\n            <\/a>\r\n        <\/div>\r\n        <div class=\"info\">\r\n            <div class=\"title\"><a  href=\"https:\/\/vmkik.hu\/hirek\/januar-1-jetol-el-az-uj-tipus-szerinti-besorolas-a-vendeglatohelyeknel\">Janu\u00e1r 1-j\u00e9t\u0151l \u00e9l az \u00faj t\u00edpus szerinti besorol\u00e1s a vend\u00e9gl\u00e1t\u00f3helyekn\u00e9l<\/a><\/div>\r\n                            <ul class=\"categories\">\r\n                                            <li><a style=\"background: #5c299e; color: #ffffff\" href=\"https:\/\/vmkik.hu\/hirek\/hirek\">H\u00edrek<\/a><\/li>\r\n                                        <li><span class=\"public-at\">2021. janu\u00e1r 06.<\/span><\/li>\r\n                <\/ul>\r\n                        <div class=\"desc\"><p style=\"text-align:justify\">A Magyar Turisztikai \u00dcgyn\u00f6ks\u00e9g \u00e9s a vend\u00e9gl\u00e1t\u00e1sszakmai szervezetek \u00e1ll\u00e1spontja szerint a magyarorsz\u00e1gi vend\u00e9gl\u00e1t\u00e1s fejleszt\u00e9s\u00e9hez elengedhetetlenn\u00e9 v\u00e1lt a vend\u00e9gl\u00e1t\u00f3helyek m\u0171k\u00f6d\u00e9s\u00e9t, ellen\u0151rz\u00e9s\u00e9t \u00e9s t\u00edpus\u00e1t r\u00f6gz\u00edt\u0151 jogszab\u00e1ly m\u00f3dos\u00edt\u00e1sa.<\/p><\/div>\r\n        <\/div>\r\n    <\/div>\r\n        <\/div>\r\n    <\/div>\r\n\r\n<ul class=\"pagination\">\r\n                    <li class=\"left\"><a href=\"https:\/\/vmkik.hu\/api\/feeds\/page?page=436\" rel=\"prev\"><span class=\"icon icon-arrow-flat-left\"><\/span><\/a><\/li>\r\n        \r\n                    \r\n                                                                        <li><a href=\"https:\/\/vmkik.hu\/api\/feeds\/page?page=1\">01<\/a><\/li>\r\n                                                                                <li><a href=\"https:\/\/vmkik.hu\/api\/feeds\/page?page=2\">02<\/a><\/li>\r\n                                                                                    <li class=\"disabled\"><span>...<\/span><\/li>\r\n            \r\n                                \r\n                                                                        <li><a href=\"https:\/\/vmkik.hu\/api\/feeds\/page?page=434\">434<\/a><\/li>\r\n                                                                                <li><a href=\"https:\/\/vmkik.hu\/api\/feeds\/page?page=435\">435<\/a><\/li>\r\n                                                                                <li><a href=\"https:\/\/vmkik.hu\/api\/feeds\/page?page=436\">436<\/a><\/li>\r\n                                                                                <li class=\"active\"><span>437<\/span><\/li>\r\n                                                                                <li><a href=\"https:\/\/vmkik.hu\/api\/feeds\/page?page=438\">438<\/a><\/li>\r\n                                                                                <li><a href=\"https:\/\/vmkik.hu\/api\/feeds\/page?page=439\">439<\/a><\/li>\r\n                                                                                <li><a href=\"https:\/\/vmkik.hu\/api\/feeds\/page?page=440\">440<\/a><\/li>\r\n                                                                                    <li class=\"disabled\"><span>...<\/span><\/li>\r\n            \r\n                                \r\n                                                                        <li><a href=\"https:\/\/vmkik.hu\/api\/feeds\/page?page=476\">476<\/a><\/li>\r\n                                                                                <li><a href=\"https:\/\/vmkik.hu\/api\/feeds\/page?page=477\">477<\/a><\/li>\r\n                                                        \r\n                    <li class=\"right\"><a href=\"https:\/\/vmkik.hu\/api\/feeds\/page?page=438\" rel=\"next\"><span class=\"icon icon-arrow-flat-right\"><\/span><\/a><\/li>\r\n            <\/ul>\r\n\r\n","page":"437"}