{"content":"<div class=\"row inline-row\">\r\n                <div class=\"col-md-6 inline-col feed-item\">\r\n            <div class=\"clearfix\">\r\n        <div class=\"img\">\r\n            <a  href=\"https:\/\/vmkik.hu\/hirek\/kommunikacios-es-projekt-munkatarsat-keresunk\">\r\n                <img class=\"img-responsive img-center\" src=\"\/uploads\/feed_items\/small-kommunikacios-es-projekt-munkatars-17677806785382.png\" alt=\"Kommunik\u00e1ci\u00f3s \u00e9s projekt munkat\u00e1rsat keres\u00fcnk\">\r\n            <\/a>\r\n        <\/div>\r\n        <div class=\"info\">\r\n            <div class=\"title\"><a  href=\"https:\/\/vmkik.hu\/hirek\/kommunikacios-es-projekt-munkatarsat-keresunk\">Kommunik\u00e1ci\u00f3s \u00e9s projekt munkat\u00e1rsat keres\u00fcnk<\/a><\/div>\r\n                            <ul class=\"categories\">\r\n                                            <li><a style=\"background: #5c299e; color: #ffffff\" href=\"https:\/\/vmkik.hu\/hirek\/hirek\">H\u00edrek<\/a><\/li>\r\n                                        <li><span class=\"public-at\">2026. janu\u00e1r 07.<\/span><\/li>\r\n                <\/ul>\r\n                        <div class=\"desc\"><p><strong>Kommunik\u00e1ci\u00f3s \u00e9s projekt munkat\u00e1rsat<\/strong> keres a Vas V\u00e1rmegyei Kereskedelmi \u00e9s Iparkamara. Legyen a koll\u00e9g\u00e1nk!<\/p><\/div>\r\n        <\/div>\r\n    <\/div>\r\n        <\/div>\r\n            <div class=\"col-md-6 inline-col feed-item\">\r\n            <div class=\"clearfix\">\r\n        <div class=\"img\">\r\n            <a  href=\"https:\/\/vmkik.hu\/hirek\/ado-2026-tajekoztato-forum\">\r\n                <img class=\"img-responsive img-center\" src=\"\/uploads\/feed_items\/small-merlegkepes-konyvelo-17677714774925.jpg\" alt=\"AD\u00d3 2026 - t\u00e1j\u00e9koztat\u00f3 f\u00f3rum\">\r\n            <\/a>\r\n        <\/div>\r\n        <div class=\"info\">\r\n            <div class=\"title\"><a  href=\"https:\/\/vmkik.hu\/hirek\/ado-2026-tajekoztato-forum\">AD\u00d3 2026 - t\u00e1j\u00e9koztat\u00f3 f\u00f3rum<\/a><\/div>\r\n                            <ul class=\"categories\">\r\n                                            <li><a style=\"background: #5c299e; color: #ffffff\" href=\"https:\/\/vmkik.hu\/hirek\/hirek\">H\u00edrek<\/a><\/li>\r\n                                            <li><a style=\"background: #64299e; color: #ffffff\" href=\"https:\/\/vmkik.hu\/hirek\/vallalkozo-vagyok\">V\u00e1llalkoz\u00f3 vagyok<\/a><\/li>\r\n                                        <li><span class=\"public-at\">2026. janu\u00e1r 07.<\/span><\/li>\r\n                <\/ul>\r\n                        <div class=\"desc\"><p>Az idei \u00e9vben is megrendez\u00e9sre ker\u00fcl \u00e9ves ad\u00f3t\u00e1j\u00e9koztat\u00f3nk, ahol Dr. L\u00e1z\u00e1r J\u00f3zsef, a NAV f\u0151oszt\u00e1lyvezet\u0151je&nbsp;mutatja be a 2026-os&nbsp;\u00e9vi ad\u00f3v\u00e1ltoz\u00e1sokat.&nbsp;<\/p><\/div>\r\n        <\/div>\r\n    <\/div>\r\n        <\/div>\r\n            <div class=\"col-md-6 inline-col feed-item\">\r\n            <div class=\"clearfix\">\r\n        <div class=\"img\">\r\n            <a  href=\"https:\/\/vmkik.hu\/hirek\/elkezdodtek-az-szktvosztv-szakmai-versenyek-teruleti-valogatoi\">\r\n                <img class=\"img-responsive img-center\" src=\"\/uploads\/feed_items\/small-szakma-sztar-17677726204986.jpg\" alt=\"Elkezd\u0151dtek az SZKTV\/OSZTV szakmai versenyek ter\u00fcleti v\u00e1logat\u00f3i\">\r\n            <\/a>\r\n        <\/div>\r\n        <div class=\"info\">\r\n            <div class=\"title\"><a  href=\"https:\/\/vmkik.hu\/hirek\/elkezdodtek-az-szktvosztv-szakmai-versenyek-teruleti-valogatoi\">Elkezd\u0151dtek az SZKTV\/OSZTV szakmai versenyek ter\u00fcleti v\u00e1logat\u00f3i<\/a><\/div>\r\n                            <ul class=\"categories\">\r\n                                            <li><a style=\"background: #9e2961; color: #ffffff\" href=\"https:\/\/vmkik.hu\/hirek\/uton-a-szakmak-vilagaban\">Szakk\u00e9pz\u00e9s<\/a><\/li>\r\n                                            <li><a style=\"background: #5c299e; color: #ffffff\" href=\"https:\/\/vmkik.hu\/hirek\/hirek\">H\u00edrek<\/a><\/li>\r\n                                        <li><span class=\"public-at\">2026. janu\u00e1r 07.<\/span><\/li>\r\n                <\/ul>\r\n                        <div class=\"desc\"><p>A Magyar Kereskedelmi \u00e9s Iparkamara \u00e1ltal szervezett SZKTV\/OSZTV szakmai versenyek ter\u00fcleti el\u0151v\u00e1logat\u00f3i a versenyfelh\u00edv\u00e1s alapj\u00e1n<strong> 2026. janu\u00e1r 6-19. k\u00f6z\u00f6tt az MKIK Oktat\u00e1si port\u00e1lon online m\u00f3don ker\u00fclnek lebonyol\u00edt\u00e1sra.<\/strong><\/p><\/div>\r\n        <\/div>\r\n    <\/div>\r\n        <\/div>\r\n            <div class=\"col-md-6 inline-col feed-item\">\r\n            <div class=\"clearfix\">\r\n        <div class=\"img\">\r\n            <a  href=\"https:\/\/vmkik.hu\/hirek\/dimop-plusz-429-25-online-benyujtasi-workshop-januar-21\">\r\n                <img class=\"img-responsive img-center\" src=\"\/uploads\/feed_items\/small-digitalis-megujulas-1767699363126.jpg\" alt=\"DIMOP Plusz-4.2.9 -25 online beny\u00fajt\u00e1si workshop janu\u00e1r 21.\">\r\n            <\/a>\r\n        <\/div>\r\n        <div class=\"info\">\r\n            <div class=\"title\"><a  href=\"https:\/\/vmkik.hu\/hirek\/dimop-plusz-429-25-online-benyujtasi-workshop-januar-21\">DIMOP Plusz-4.2.9 -25 online beny\u00fajt\u00e1si workshop janu\u00e1r 21.<\/a><\/div>\r\n                            <ul class=\"categories\">\r\n                                            <li><a style=\"background: #5c299e; color: #ffffff\" href=\"https:\/\/vmkik.hu\/hirek\/hirek\">H\u00edrek<\/a><\/li>\r\n                                            <li><a style=\"background: #2a299e; color: #ffffff\" href=\"https:\/\/vmkik.hu\/hirek\/europe-direct\">Europe Direct<\/a><\/li>\r\n                                            <li><a style=\"background: #299e9e; color: #ffffff\" href=\"https:\/\/vmkik.hu\/hirek\/palyazatok\">P\u00e1ly\u00e1zatok<\/a><\/li>\r\n                                        <li><span class=\"public-at\">2026. janu\u00e1r 06.<\/span><\/li>\r\n                <\/ul>\r\n                        <div class=\"desc\"><p>Az Energia\u00fcgyi Miniszt\u00e9rium Eur\u00f3pai Uni\u00f3s Fejleszt\u00e9sek V\u00e9grehajt\u00e1s\u00e1\u00e9rt Felel\u0151s Helyettes \u00c1llamtitk\u00e1rs\u00e1ga, mint Digit\u00e1lis Meg\u00fajul\u00e1s Operat\u00edv Program Plusz Ir\u00e1ny\u00edt\u00f3 Hat\u00f3s\u00e1g online beny\u00fajt\u00e1si workshopot szervez az al\u00e1bbi felh\u00edv\u00e1ssal kapcsolatban:&nbsp;DIMOP Plusz- 4.2.9-25 \u2013<strong> <\/strong>Es\u00e9ly a digit\u00e1lis tud\u00e1sra<\/p>\r\n\r\n<p>&nbsp;<\/p><\/div>\r\n        <\/div>\r\n    <\/div>\r\n        <\/div>\r\n            <div class=\"col-md-6 inline-col feed-item\">\r\n            <div class=\"clearfix\">\r\n        <div class=\"img\">\r\n            <a  href=\"https:\/\/vmkik.hu\/hirek\/kisfaludy-start-konnyebb-fejlesztes-millios-tamogatassal\">\r\n                <img class=\"img-responsive img-center\" src=\"\/uploads\/feed_items\/small-bc1634b698d96b6a14118f75fab6d73a-17676928584662.jpg\" alt=\"Kisfaludy Start: k\u00f6nnyebb fejleszt\u00e9s milli\u00f3s t\u00e1mogat\u00e1ssal\">\r\n            <\/a>\r\n        <\/div>\r\n        <div class=\"info\">\r\n            <div class=\"title\"><a  href=\"https:\/\/vmkik.hu\/hirek\/kisfaludy-start-konnyebb-fejlesztes-millios-tamogatassal\">Kisfaludy Start: k\u00f6nnyebb fejleszt\u00e9s milli\u00f3s t\u00e1mogat\u00e1ssal<\/a><\/div>\r\n                            <ul class=\"categories\">\r\n                                            <li><a style=\"background: #5c299e; color: #ffffff\" href=\"https:\/\/vmkik.hu\/hirek\/hirek\">H\u00edrek<\/a><\/li>\r\n                                            <li><a style=\"background: #299e9e; color: #ffffff\" href=\"https:\/\/vmkik.hu\/hirek\/palyazatok\">P\u00e1ly\u00e1zatok<\/a><\/li>\r\n                                        <li><span class=\"public-at\">2026. janu\u00e1r 06.<\/span><\/li>\r\n                <\/ul>\r\n                        <div class=\"desc\"><p>A Kisfaludy Turisztikai Hitelhez most vissza nem t\u00e9r\u00edtend\u0151 milli\u00f3s t\u00e1mogat\u00e1s is ig\u00e9nyelhet\u0151, \u00edgy a legkisebb turisztikai v\u00e1llalkoz\u00e1sok is k\u00f6nnyebben fejleszthetnek.<\/p><\/div>\r\n        <\/div>\r\n    <\/div>\r\n        <\/div>\r\n            <div class=\"col-md-6 inline-col feed-item\">\r\n            <div class=\"clearfix\">\r\n        <div class=\"img\">\r\n            <a  href=\"https:\/\/vmkik.hu\/hirek\/a-dualis-kepzes-nav-ellenorzeseinek-tapasztalatai-cikk-a-nav-oldalan\">\r\n                <img class=\"img-responsive img-center\" src=\"\/uploads\/feed_items\/small-asztalos-17676926928073.jpg\" alt=\"A du\u00e1lis k\u00e9pz\u00e9s NAV-ellen\u0151rz\u00e9seinek tapasztalatai: cikk a NAV oldal\u00e1n\">\r\n            <\/a>\r\n        <\/div>\r\n        <div class=\"info\">\r\n            <div class=\"title\"><a  href=\"https:\/\/vmkik.hu\/hirek\/a-dualis-kepzes-nav-ellenorzeseinek-tapasztalatai-cikk-a-nav-oldalan\">A du\u00e1lis k\u00e9pz\u00e9s NAV-ellen\u0151rz\u00e9seinek tapasztalatai: cikk a NAV oldal\u00e1n<\/a><\/div>\r\n                            <ul class=\"categories\">\r\n                                            <li><a style=\"background: #9e2961; color: #ffffff\" href=\"https:\/\/vmkik.hu\/hirek\/uton-a-szakmak-vilagaban\">Szakk\u00e9pz\u00e9s<\/a><\/li>\r\n                                            <li><a style=\"background: #5c299e; color: #ffffff\" href=\"https:\/\/vmkik.hu\/hirek\/hirek\">H\u00edrek<\/a><\/li>\r\n                                        <li><span class=\"public-at\">2026. janu\u00e1r 06.<\/span><\/li>\r\n                <\/ul>\r\n                        <div class=\"desc\"><p>\u201e<a href=\"https:\/\/nav.gov.hu\/sajtoszoba\/hirek\/Szakiranyu_tovabbkepzesek_a_NAV_kiszuri_a_szochokedvezmennyel_trukkozoket\">Szakir\u00e1ny\u00fa tov\u00e1bbk\u00e9pz\u00e9sek: a NAV kisz\u0171ri a szochokedvezm\u00e9nnyel tr\u00fckk\u00f6z\u0151ket<\/a>\u201d c\u00edmmel jelent meg a szakir\u00e1ny\u00fa oktat\u00e1st, du\u00e1lis k\u00e9pz\u00e9st \u00e9rint\u0151 NAV-ellen\u0151rz\u00e9sek tapasztalatair\u00f3l egy \u00f6sszefoglal\u00f3 cikk a NAV honlapj\u00e1n, amelyben a legs\u00falyosabb szab\u00e1lytalans\u00e1gokra \u00e9s vissza\u00e9l\u00e9sekre h\u00edvj\u00e1k fel a figyelmet.<\/p><\/div>\r\n        <\/div>\r\n    <\/div>\r\n        <\/div>\r\n            <div class=\"col-md-6 inline-col feed-item\">\r\n            <div class=\"clearfix\">\r\n        <div class=\"img\">\r\n            <a  href=\"https:\/\/vmkik.hu\/hirek\/2026-konnyitesek-az-egyszerusitett-foglalkoztatasban\">\r\n                <img class=\"img-responsive img-center\" src=\"\/uploads\/feed_items\/small-egyszerusitett-foglalkoztatas-17676925915395.jpg\" alt=\"2026: k\u00f6nny\u00edt\u00e9sek az egyszer\u0171s\u00edtett foglalkoztat\u00e1sban\">\r\n            <\/a>\r\n        <\/div>\r\n        <div class=\"info\">\r\n            <div class=\"title\"><a  href=\"https:\/\/vmkik.hu\/hirek\/2026-konnyitesek-az-egyszerusitett-foglalkoztatasban\">2026: k\u00f6nny\u00edt\u00e9sek az egyszer\u0171s\u00edtett foglalkoztat\u00e1sban<\/a><\/div>\r\n                            <ul class=\"categories\">\r\n                                            <li><a style=\"background: #5c299e; color: #ffffff\" href=\"https:\/\/vmkik.hu\/hirek\/hirek\">H\u00edrek<\/a><\/li>\r\n                                            <li><a style=\"background: #64299e; color: #ffffff\" href=\"https:\/\/vmkik.hu\/hirek\/vallalkozo-vagyok\">V\u00e1llalkoz\u00f3 vagyok<\/a><\/li>\r\n                                        <li><span class=\"public-at\">2026. janu\u00e1r 06.<\/span><\/li>\r\n                <\/ul>\r\n                        <div class=\"desc\"><p>A legfontosabb v\u00e1ltoz\u00e1s, hogy id\u00e9n t\u00f6bb ideig v\u00e1llalhat\u00f3 egyszer\u0171s\u00edtett foglalkoztatottk\u00e9nt munka a kedvez\u0151 felt\u00e9telekkel: a mez\u0151gazdas\u00e1gi id\u00e9nymunka \u00e9ves kerete 210 napra, az egy munk\u00e1ltat\u00f3n\u00e1l v\u00e9gezhet\u0151 alkalmi munk\u00e1\u00e9 pedig 120 napra n\u0151. A minim\u00e1lb\u00e9r emelked\u00e9s\u00e9vel term\u00e9szetesen v\u00e1ltozik az egyszer\u0171s\u00edtett foglalkoztat\u00e1sban dolgoz\u00f3k ut\u00e1n fizetend\u0151 k\u00f6zteher \u00e9s a nyugd\u00edj sz\u00e1m\u00edt\u00e1si alapja is.<\/p><\/div>\r\n        <\/div>\r\n    <\/div>\r\n        <\/div>\r\n            <div class=\"col-md-6 inline-col feed-item\">\r\n            <div class=\"clearfix\">\r\n        <div class=\"img\">\r\n            <a  href=\"https:\/\/vmkik.hu\/hirek\/januartol-mar-a-kkv-k-is-fordulhatnak-a-bekelteto-testuletekhez\">\r\n                <img class=\"img-responsive img-center\" src=\"\/uploads\/feed_items\/small-justicia-17676921943053.jpg\" alt=\"Janu\u00e1rt\u00f3l m\u00e1r a kkv-k is fordulhatnak a b\u00e9k\u00e9ltet\u0151 test\u00fcletekhez\">\r\n            <\/a>\r\n        <\/div>\r\n        <div class=\"info\">\r\n            <div class=\"title\"><a  href=\"https:\/\/vmkik.hu\/hirek\/januartol-mar-a-kkv-k-is-fordulhatnak-a-bekelteto-testuletekhez\">Janu\u00e1rt\u00f3l m\u00e1r a kkv-k is fordulhatnak a b\u00e9k\u00e9ltet\u0151 test\u00fcletekhez<\/a><\/div>\r\n                            <ul class=\"categories\">\r\n                                            <li><a style=\"background: #5c299e; color: #ffffff\" href=\"https:\/\/vmkik.hu\/hirek\/hirek\">H\u00edrek<\/a><\/li>\r\n                                            <li><a style=\"background: #299e2e; color: #ffffff\" href=\"https:\/\/vmkik.hu\/hirek\/bekelteto-testulet\">B\u00e9k\u00e9ltet\u0151 Test\u00fclet<\/a><\/li>\r\n                                        <li><span class=\"public-at\">2026. janu\u00e1r 06.<\/span><\/li>\r\n                <\/ul>\r\n                        <div class=\"desc\"><p>A fogyaszt\u00f3v\u00e9delmi t\u00f6rv\u00e9ny m\u00f3dos\u00edt\u00e1s\u00e1nak \u00e9rtelm\u00e9ben a mikro-, kis- \u00e9s k\u00f6z\u00e9pv\u00e1llalkoz\u00e1sok v\u00e9gs\u0151 felhaszn\u00e1l\u00f3k\u00e9nt egy term\u00e9kv\u00e1s\u00e1rl\u00e1s, vagy szolg\u00e1ltat\u00e1s ig\u00e9nybev\u00e9tele est\u00e9n kv\u00e1zi fogyaszt\u00f3i min\u0151s\u00e9gben fordulhatnak 2026. janu\u00e1r 1-j\u00e9t\u0151l a b\u00e9k\u00e9ltet\u0151 test\u00fcletekhez. \u00cdgy a jogvit\u00e1k a b\u00edr\u00f3s\u00e1gi \u00fatn\u00e1l egyszer\u0171bb, gyorsabb, k\u00f6lts\u00e9gk\u00edm\u00e9l\u0151 m\u00f3don rendezhet\u0151k a kkv-k sz\u00e1m\u00e1ra is.<\/p><\/div>\r\n        <\/div>\r\n    <\/div>\r\n        <\/div>\r\n    <\/div>\r\n\r\n<ul class=\"pagination\">\r\n                    <li class=\"left\"><a href=\"https:\/\/vmkik.hu\/api\/feeds\/page?page=58\" rel=\"prev\"><span class=\"icon icon-arrow-flat-left\"><\/span><\/a><\/li>\r\n        \r\n                    \r\n                                                                        <li><a href=\"https:\/\/vmkik.hu\/api\/feeds\/page?page=1\">01<\/a><\/li>\r\n                                                                                <li><a href=\"https:\/\/vmkik.hu\/api\/feeds\/page?page=2\">02<\/a><\/li>\r\n                                                                                    <li class=\"disabled\"><span>...<\/span><\/li>\r\n            \r\n                                \r\n                                                                        <li><a href=\"https:\/\/vmkik.hu\/api\/feeds\/page?page=56\">56<\/a><\/li>\r\n                                                                                <li><a href=\"https:\/\/vmkik.hu\/api\/feeds\/page?page=57\">57<\/a><\/li>\r\n                                                                                <li><a href=\"https:\/\/vmkik.hu\/api\/feeds\/page?page=58\">58<\/a><\/li>\r\n                                                                                <li class=\"active\"><span>59<\/span><\/li>\r\n                                                                                <li><a href=\"https:\/\/vmkik.hu\/api\/feeds\/page?page=60\">60<\/a><\/li>\r\n                                                                                <li><a href=\"https:\/\/vmkik.hu\/api\/feeds\/page?page=61\">61<\/a><\/li>\r\n                                                                                <li><a href=\"https:\/\/vmkik.hu\/api\/feeds\/page?page=62\">62<\/a><\/li>\r\n                                                                                    <li class=\"disabled\"><span>...<\/span><\/li>\r\n            \r\n                                \r\n                                                                        <li><a href=\"https:\/\/vmkik.hu\/api\/feeds\/page?page=504\">504<\/a><\/li>\r\n                                                                                <li><a href=\"https:\/\/vmkik.hu\/api\/feeds\/page?page=505\">505<\/a><\/li>\r\n                                                        \r\n                    <li class=\"right\"><a href=\"https:\/\/vmkik.hu\/api\/feeds\/page?page=60\" rel=\"next\"><span class=\"icon icon-arrow-flat-right\"><\/span><\/a><\/li>\r\n            <\/ul>\r\n\r\n","page":"59"}