{"content":"<div class=\"row inline-row\">\r\n                <div class=\"col-md-6 inline-col feed-item\">\r\n            <div class=\"clearfix\">\r\n        <div class=\"img\">\r\n            <a  href=\"https:\/\/vmkik.hu\/hirek\/nem-csak-a-nebih-a-nav-is-ellenoriz-karacsony-elott\">\r\n                <img class=\"img-responsive img-center\" src=\"\/uploads\/feed_items\/small-nemzeti-ado-es-vamhivatal-nav-adozas-17645783691483.jpg\" alt=\"Nem csak a N\u00c9BIH, a NAV is ellen\u0151riz kar\u00e1csony el\u0151tt\">\r\n            <\/a>\r\n        <\/div>\r\n        <div class=\"info\">\r\n            <div class=\"title\"><a  href=\"https:\/\/vmkik.hu\/hirek\/nem-csak-a-nebih-a-nav-is-ellenoriz-karacsony-elott\">Nem csak a N\u00c9BIH, a NAV is ellen\u0151riz kar\u00e1csony el\u0151tt<\/a><\/div>\r\n                            <ul class=\"categories\">\r\n                                            <li><a style=\"background: #5c299e; color: #ffffff\" href=\"https:\/\/vmkik.hu\/hirek\/hirek\">H\u00edrek<\/a><\/li>\r\n                                            <li><a style=\"background: #64299e; color: #ffffff\" href=\"https:\/\/vmkik.hu\/hirek\/vallalkozo-vagyok\">V\u00e1llalkoz\u00f3 vagyok<\/a><\/li>\r\n                                        <li><span class=\"public-at\">2025. december 01.<\/span><\/li>\r\n                <\/ul>\r\n                        <div class=\"desc\"><p style=\"text-align:justify\">A Nemzeti Ad\u00f3- \u00e9s V\u00e1mhivatal (NAV) megkezdte kar\u00e1csonyi ellen\u0151rz\u00e9ssorozat\u00e1t, amely az \u00e9v v\u00e9g\u00e9ig tart. Az adventi v\u00e1s\u00e1rokon, a piacokon, a feny\u0151fa \u00e1rus\u00edt\u00f3 helyeken, a nagyobb bev\u00e1s\u00e1rl\u00f3k\u00f6zpontokban, illetve a vend\u00e9gl\u00e1t\u00f3kn\u00e1l \u00e9s az \u00fcnnepi szolg\u00e1ltat\u00e1sok ny\u00fajt\u00f3in\u00e1l a revizorok kiemelten vizsg\u00e1lj\u00e1k az ad\u00f3k\u00f6telezetts\u00e9gek teljes\u00edt\u00e9s\u00e9t. F\u0151k\u00e9nt a sz\u00e1mla- \u00e9s nyugtaad\u00e1st, az \u00e1ruk eredet\u00e9t, a foglalkoztat\u00e1s szab\u00e1lyszer\u0171s\u00e9g\u00e9t ellen\u0151rzik.<\/p><\/div>\r\n        <\/div>\r\n    <\/div>\r\n        <\/div>\r\n            <div class=\"col-md-6 inline-col feed-item\">\r\n            <div class=\"clearfix\">\r\n        <div class=\"img\">\r\n            <a  href=\"https:\/\/vmkik.hu\/hirek\/vasi-gazdasagi-magazin-20242025\">\r\n                <img class=\"img-responsive img-center\" src=\"\/uploads\/feed_items\/small-top100-17643213058895.jpg\" alt=\"Vas V\u00e1rmegyei Gazdas\u00e1gi Magazin 2024\/2025\">\r\n            <\/a>\r\n        <\/div>\r\n        <div class=\"info\">\r\n            <div class=\"title\"><a  href=\"https:\/\/vmkik.hu\/hirek\/vasi-gazdasagi-magazin-20242025\">Vas V\u00e1rmegyei Gazdas\u00e1gi Magazin 2024\/2025<\/a><\/div>\r\n                            <ul class=\"categories\">\r\n                                            <li><a style=\"background: #5c299e; color: #ffffff\" href=\"https:\/\/vmkik.hu\/hirek\/hirek\">H\u00edrek<\/a><\/li>\r\n                                        <li><span class=\"public-at\">2025. november 28.<\/span><\/li>\r\n                <\/ul>\r\n                        <div class=\"desc\"><p>2025-ben is megjelent a Vas V\u00e1rmegyei Kereskedelmi \u00e9s Iparkamara rendhagy\u00f3 gazdas\u00e1gi magazinja, a Vas V\u00e1rmegyei Gazdas\u00e1gi Magazin. A kiadv\u00e1nyban 17 interj\u00fat, sz\u00e1mos gazdas\u00e1gi elemz\u00e9s olvashatnak, \u00e9s term\u00e9szetesen a 2024. \u00e9vi top100 vasi c\u00e9g list\u00e1j\u00e1t is megtal\u00e1lj\u00e1k.<\/p><\/div>\r\n        <\/div>\r\n    <\/div>\r\n        <\/div>\r\n            <div class=\"col-md-6 inline-col feed-item\">\r\n            <div class=\"clearfix\">\r\n        <div class=\"img\">\r\n            <a  href=\"https:\/\/vmkik.hu\/hirek\/a-hazai-kkv-k-5-os-minimalber-emelest-tartananak-elfogadhatonak-2026-ban\">\r\n                <img class=\"img-responsive img-center\" src=\"\/uploads\/feed_items\/small-3333-17642341990841.png\" alt=\"A hazai KKV-k 5%-os minim\u00e1lb\u00e9r-emel\u00e9st tartan\u00e1nak elfogadhat\u00f3nak 2026-ban\">\r\n            <\/a>\r\n        <\/div>\r\n        <div class=\"info\">\r\n            <div class=\"title\"><a  href=\"https:\/\/vmkik.hu\/hirek\/a-hazai-kkv-k-5-os-minimalber-emelest-tartananak-elfogadhatonak-2026-ban\">A hazai KKV-k 5%-os minim\u00e1lb\u00e9r-emel\u00e9st tartan\u00e1nak elfogadhat\u00f3nak 2026-ban<\/a><\/div>\r\n                            <ul class=\"categories\">\r\n                                            <li><a style=\"background: #5c299e; color: #ffffff\" href=\"https:\/\/vmkik.hu\/hirek\/hirek\">H\u00edrek<\/a><\/li>\r\n                                        <li><span class=\"public-at\">2025. november 27.<\/span><\/li>\r\n                <\/ul>\r\n                        <div class=\"desc\"><p><strong>A korm\u00e1ny 2026-ra 13%-os minim\u00e1lb\u00e9r-, valamint 10%-os garant\u00e1lt b\u00e9rminimum emel\u00e9st tervezett.<\/strong>&nbsp;Ennek el\u0151zm\u00e9nye, hogy 2024-ben h\u00e1rom\u00e9ves b\u00e9rmeg\u00e1llapod\u00e1st k\u00f6t\u00f6ttek a munk\u00e1ltat\u00f3i \u00e9s munkav\u00e1llal\u00f3i \u00e9rdekk\u00e9pviseleti szervezetek, valamint a korm\u00e1ny. Ugyanakkor a tervezett\u0151l drasztikusan elmarad\u00f3 gazdas\u00e1gi n\u00f6veked\u00e9s \u00e9s a magasabb infl\u00e1ci\u00f3s szint miatt a v\u00e1rhat\u00f3 emel\u00e9sek m\u00e9rt\u00e9ke jelenleg bizonytalan, most is zajlik a b\u00e9ralku.<\/p><\/div>\r\n        <\/div>\r\n    <\/div>\r\n        <\/div>\r\n            <div class=\"col-md-6 inline-col feed-item\">\r\n            <div class=\"clearfix\">\r\n        <div class=\"img\">\r\n            <a  href=\"https:\/\/vmkik.hu\/hirek\/harom-honapnyi-emelkedes-utan-novemberben-visszakorrigalt-a-gki-konjunkturaindex\">\r\n                <img class=\"img-responsive img-center\" src=\"\/uploads\/feed_items\/small-gki-17642339259118.jpg\" alt=\"H\u00e1rom h\u00f3napnyi emelked\u00e9s ut\u00e1n novemberben visszakorrig\u00e1lt a GKI konjunkt\u00faraindex\">\r\n            <\/a>\r\n        <\/div>\r\n        <div class=\"info\">\r\n            <div class=\"title\"><a  href=\"https:\/\/vmkik.hu\/hirek\/harom-honapnyi-emelkedes-utan-novemberben-visszakorrigalt-a-gki-konjunkturaindex\">H\u00e1rom h\u00f3napnyi emelked\u00e9s ut\u00e1n novemberben visszakorrig\u00e1lt a GKI konjunkt\u00faraindex<\/a><\/div>\r\n                            <ul class=\"categories\">\r\n                                            <li><a style=\"background: #5c299e; color: #ffffff\" href=\"https:\/\/vmkik.hu\/hirek\/hirek\">H\u00edrek<\/a><\/li>\r\n                                        <li><span class=\"public-at\">2025. november 27.<\/span><\/li>\r\n                <\/ul>\r\n                        <div class=\"desc\"><p>A GKI Gazdas\u00e1gkutat\u00f3 Zrt. \u2013 az EU t\u00e1mogat\u00e1s\u00e1val v\u00e9gzett \u2013 felm\u00e9r\u00e9se szerint novemberben az \u00fczleti szektor kil\u00e1t\u00e1sai alig v\u00e1ltoztak, m\u00edg a fogyaszt\u00f3k kiss\u00e9 bor\u00fal\u00e1t\u00f3bb v\u00e1rakoz\u00e1sokat fogalmaztak meg, mint okt\u00f3berben. A kil\u00e1t\u00e1sok \u00f6sszefoglal\u00f3 jelz\u0151sz\u00e1ma, a GKI konjunkt\u00fara indexe sz\u0171k 1 ponttal cs\u00f6kkent, ami hibahat\u00e1ron bel\u00fcli v\u00e1ltoz\u00e1s.<\/p><\/div>\r\n        <\/div>\r\n    <\/div>\r\n        <\/div>\r\n            <div class=\"col-md-6 inline-col feed-item\">\r\n            <div class=\"clearfix\">\r\n        <div class=\"img\">\r\n            <a  href=\"https:\/\/vmkik.hu\/hirek\/konnyites-a-biztositasi-jogviszony-bejelentesnel-szamos-pozitiv-valtozassal-jon-a-08e\">\r\n                <img class=\"img-responsive img-center\" src=\"\/uploads\/feed_items\/small-nevet-valt-a-nav-egyik-legnepszerubb-nyomtatvanya-jon-a-08e-700x394-crop-17642296511699.jpg\" alt=\"K\u00f6nny\u00edt\u00e9s a biztos\u00edt\u00e1si jogviszony bejelent\u00e9sn\u00e9l: sz\u00e1mos pozit\u00edv v\u00e1ltoz\u00e1ssal j\u00f6n a 08E\">\r\n            <\/a>\r\n        <\/div>\r\n        <div class=\"info\">\r\n            <div class=\"title\"><a  href=\"https:\/\/vmkik.hu\/hirek\/konnyites-a-biztositasi-jogviszony-bejelentesnel-szamos-pozitiv-valtozassal-jon-a-08e\">K\u00f6nny\u00edt\u00e9s a biztos\u00edt\u00e1si jogviszony bejelent\u00e9sn\u00e9l: sz\u00e1mos pozit\u00edv v\u00e1ltoz\u00e1ssal j\u00f6n a 08E<\/a><\/div>\r\n                            <ul class=\"categories\">\r\n                                            <li><a style=\"background: #5c299e; color: #ffffff\" href=\"https:\/\/vmkik.hu\/hirek\/hirek\">H\u00edrek<\/a><\/li>\r\n                                            <li><a style=\"background: #64299e; color: #ffffff\" href=\"https:\/\/vmkik.hu\/hirek\/vallalkozo-vagyok\">V\u00e1llalkoz\u00f3 vagyok<\/a><\/li>\r\n                                        <li><span class=\"public-at\">2025. november 27.<\/span><\/li>\r\n                <\/ul>\r\n                        <div class=\"desc\"><p style=\"text-align:justify\">A T1041-es jogviszonybejelent\u0151 nyomtatv\u00e1ny janu\u00e1r 1-j\u00e9t\u0151l 08E n\u00e9vvel el\u00e9rhet\u0151. Az \u00faj elnevez\u00e9s nem v\u00e9letlen: a bejelent\u00e9s a 08-as j\u00e1rul\u00e9kbevall\u00e1s el\u0151zm\u00e9nye, \u00edgy v\u00e9gre a nev\u00e9ben is megteremti azt a szoros kapcsolatot, ami a bejelent\u00e9s \u00e9s a bevall\u00e1s k\u00f6z\u00f6tt fenn\u00e1ll. Ez a NAV egyik legn\u00e9pszer\u0171bb nyomtatv\u00e1nya: \u00e9vente 2,5 milli\u00f3t is kit\u00f6ltenek bel\u0151le a munk\u00e1ltat\u00f3k, a NAV ez\u00e9rt seg\u00edt az \u00e1t\u00e1ll\u00e1sban, a nyomtatv\u00e1nyk\u00e9p \u00e9s a kit\u00f6lt\u00e9si \u00fatmutat\u00f3 tervezete m\u00e1r el\u00e9rhet\u0151 a hivatal honlapj\u00e1n.<\/p><\/div>\r\n        <\/div>\r\n    <\/div>\r\n        <\/div>\r\n            <div class=\"col-md-6 inline-col feed-item\">\r\n            <div class=\"clearfix\">\r\n        <div class=\"img\">\r\n            <a  href=\"https:\/\/vmkik.hu\/hirek\/szankciokkal-lepne-fel-az-e-kereskedelmi-platformokkal-szemben-a-parlament\">\r\n                <img class=\"img-responsive img-center\" src=\"\/uploads\/feed_items\/small-platformy-e-commerce-porownanie-najlepszych-rozwiazan-dla-sklepow-internetowych-w-2023-roku-800x694-17641631319176.jpg\" alt=\"Szankci\u00f3kkal l\u00e9pne fel az e-kereskedelmi platformokkal szemben a Parlament\">\r\n            <\/a>\r\n        <\/div>\r\n        <div class=\"info\">\r\n            <div class=\"title\"><a  href=\"https:\/\/vmkik.hu\/hirek\/szankciokkal-lepne-fel-az-e-kereskedelmi-platformokkal-szemben-a-parlament\">Szankci\u00f3kkal l\u00e9pne fel az e-kereskedelmi platformokkal szemben a Parlament<\/a><\/div>\r\n                            <ul class=\"categories\">\r\n                                            <li><a style=\"background: #5c299e; color: #ffffff\" href=\"https:\/\/vmkik.hu\/hirek\/hirek\">H\u00edrek<\/a><\/li>\r\n                                            <li><a style=\"background: #2a299e; color: #ffffff\" href=\"https:\/\/vmkik.hu\/hirek\/europe-direct\">Europe Direct<\/a><\/li>\r\n                                        <li><span class=\"public-at\">2025. november 26.<\/span><\/li>\r\n                <\/ul>\r\n                        <div class=\"desc\"><p style=\"margin-left:0cm; margin-right:0cm\">A franciaorsz\u00e1gi Shein-botr\u00e1ny az e-kereskedelmi platformok nem megfelel\u0151 fel\u00fcgyelet\u00e9b\u0151l fakad, \u00e9s az uni\u00f3s jogszab\u00e1lyok v\u00e9grehajt\u00e1s\u00e1t \u00e9s jelent\u0151s reformokat k\u00edv\u00e1n.<\/p><\/div>\r\n        <\/div>\r\n    <\/div>\r\n        <\/div>\r\n            <div class=\"col-md-6 inline-col feed-item\">\r\n            <div class=\"clearfix\">\r\n        <div class=\"img\">\r\n            <a  href=\"https:\/\/vmkik.hu\/hirek\/szloven-magyar-gazdasagfejlesztesi-forum-es-b2b\">\r\n                <img class=\"img-responsive img-center\" src=\"\/uploads\/feed_items\/small-fe-1140-630-szloven-magyar-17641599482624.jpg\" alt=\"Szlov\u00e9n-Magyar Gazdas\u00e1gfejleszt\u00e9si F\u00f3rum \u00e9s B2B\">\r\n            <\/a>\r\n        <\/div>\r\n        <div class=\"info\">\r\n            <div class=\"title\"><a  href=\"https:\/\/vmkik.hu\/hirek\/szloven-magyar-gazdasagfejlesztesi-forum-es-b2b\">Szlov\u00e9n-Magyar Gazdas\u00e1gfejleszt\u00e9si F\u00f3rum \u00e9s B2B<\/a><\/div>\r\n                            <ul class=\"categories\">\r\n                                            <li><a style=\"background: #5c299e; color: #ffffff\" href=\"https:\/\/vmkik.hu\/hirek\/hirek\">H\u00edrek<\/a><\/li>\r\n                                            <li><a style=\"background: #9e6f29; color: #ffffff\" href=\"https:\/\/vmkik.hu\/hirek\/gazdasagfejlesztes\">Gazdas\u00e1gfejleszt\u00e9s<\/a><\/li>\r\n                                        <li><span class=\"public-at\">2025. november 26.<\/span><\/li>\r\n                <\/ul>\r\n                        <div class=\"desc\"><p>A Zala V\u00e1rmegyei Kereskedelmi \u00e9s Iparkamara, a Muravid\u00e9ki Gazdas\u00e1gi Kamara, Magyarorsz\u00e1g Lendvai F\u0151konzul\u00e1tusa, a Szlov\u00e9n K\u00f6zt\u00e1rsas\u00e1g Szentgotth\u00e1rdi F\u0151konzul\u00e1tusa, valamint a CED K\u00f6z\u00e9p-eur\u00f3pai Gazdas\u00e1gfejleszt\u00e9si H\u00e1l\u00f3zat Nonprofit Kft. szoros szakmai egy\u00fcttm\u0171k\u00f6d\u00e9sben ism\u00e9t megrendezi az imm\u00e1r hagyom\u00e1nyos Szlov\u00e9n\u2013Magyar Gazdas\u00e1gfejleszt\u00e9si F\u00f3rumot \u00e9s B2B-t.<br \/>\r\n<br \/>\r\n&nbsp;<\/p><\/div>\r\n        <\/div>\r\n    <\/div>\r\n        <\/div>\r\n            <div class=\"col-md-6 inline-col feed-item\">\r\n            <div class=\"clearfix\">\r\n        <div class=\"img\">\r\n            <a  href=\"https:\/\/vmkik.hu\/hirek\/kivitelezok-kotelezo-felelossegbiztositasa-teendok-a-biztositasi-evfordulo-kapcsan\">\r\n                <img class=\"img-responsive img-center\" src=\"\/uploads\/feed_items\/small-figelem-17683080493673.jpg\" alt=\"Kivitelez\u0151k K\u00f6telez\u0151 Felel\u0151ss\u00e9gbiztos\u00edt\u00e1sa - teend\u0151k a biztos\u00edt\u00e1si \u00e9vfordul\u00f3 kapcs\u00e1n\">\r\n            <\/a>\r\n        <\/div>\r\n        <div class=\"info\">\r\n            <div class=\"title\"><a  href=\"https:\/\/vmkik.hu\/hirek\/kivitelezok-kotelezo-felelossegbiztositasa-teendok-a-biztositasi-evfordulo-kapcsan\">Kivitelez\u0151k K\u00f6telez\u0151 Felel\u0151ss\u00e9gbiztos\u00edt\u00e1sa - teend\u0151k a biztos\u00edt\u00e1si \u00e9vfordul\u00f3 kapcs\u00e1n<\/a><\/div>\r\n                            <ul class=\"categories\">\r\n                                            <li><a style=\"background: #5c299e; color: #ffffff\" href=\"https:\/\/vmkik.hu\/hirek\/hirek\">H\u00edrek<\/a><\/li>\r\n                                        <li><span class=\"public-at\">2025. november 26.<\/span><\/li>\r\n                <\/ul>\r\n                        <div class=\"desc\"><p>K\u00f6zeledik a k\u00f6telez\u0151i kivitelez\u0151i felel\u0151ss\u00e9gbiztos\u00edt\u00e1sok \u00e9vfordul\u00f3ja, melynek kamarai adatszolg\u00e1ltat\u00e1s\u00e1val kapcsolatban az al\u00e1bbiakr\u00f3l szeretn\u00e9k t\u00e1j\u00e9koztatni.<\/p><\/div>\r\n        <\/div>\r\n    <\/div>\r\n        <\/div>\r\n    <\/div>\r\n\r\n<ul class=\"pagination\">\r\n                    <li class=\"left\"><a href=\"https:\/\/vmkik.hu\/api\/feeds\/page?page=64\" rel=\"prev\"><span class=\"icon icon-arrow-flat-left\"><\/span><\/a><\/li>\r\n        \r\n                    \r\n                                                                        <li><a href=\"https:\/\/vmkik.hu\/api\/feeds\/page?page=1\">01<\/a><\/li>\r\n                                                                                <li><a href=\"https:\/\/vmkik.hu\/api\/feeds\/page?page=2\">02<\/a><\/li>\r\n                                                                                    <li class=\"disabled\"><span>...<\/span><\/li>\r\n            \r\n                                \r\n                                                                        <li><a href=\"https:\/\/vmkik.hu\/api\/feeds\/page?page=62\">62<\/a><\/li>\r\n                                                                                <li><a href=\"https:\/\/vmkik.hu\/api\/feeds\/page?page=63\">63<\/a><\/li>\r\n                                                                                <li><a href=\"https:\/\/vmkik.hu\/api\/feeds\/page?page=64\">64<\/a><\/li>\r\n                                                                                <li class=\"active\"><span>65<\/span><\/li>\r\n                                                                                <li><a href=\"https:\/\/vmkik.hu\/api\/feeds\/page?page=66\">66<\/a><\/li>\r\n                                                                                <li><a href=\"https:\/\/vmkik.hu\/api\/feeds\/page?page=67\">67<\/a><\/li>\r\n                                                                                <li><a href=\"https:\/\/vmkik.hu\/api\/feeds\/page?page=68\">68<\/a><\/li>\r\n                                                                                    <li class=\"disabled\"><span>...<\/span><\/li>\r\n            \r\n                                \r\n                                                                        <li><a href=\"https:\/\/vmkik.hu\/api\/feeds\/page?page=504\">504<\/a><\/li>\r\n                                                                                <li><a href=\"https:\/\/vmkik.hu\/api\/feeds\/page?page=505\">505<\/a><\/li>\r\n                                                        \r\n                    <li class=\"right\"><a href=\"https:\/\/vmkik.hu\/api\/feeds\/page?page=66\" rel=\"next\"><span class=\"icon icon-arrow-flat-right\"><\/span><\/a><\/li>\r\n            <\/ul>\r\n\r\n","page":"65"}