{"content":"<div class=\"row inline-row\">\r\n                <div class=\"col-md-6 inline-col feed-item\">\r\n            <div class=\"clearfix\">\r\n        <div class=\"img\">\r\n            <a  href=\"https:\/\/vmkik.hu\/index.php\/hirek\/kerdesek-es-valaszok-a-kotelezo-kivitelezoi-felelosseg-biztositas-kapcsan\">\r\n                <img class=\"img-responsive img-center\" src=\"\/uploads\/feed_items\/small-epitoipar-17361476543591.jpg\" alt=\"K\u00e9rd\u00e9sek \u00e9s v\u00e1laszok a k\u00f6telez\u0151 kivitelez\u0151i felel\u0151ss\u00e9gbiztos\u00edt\u00e1s kapcs\u00e1n\">\r\n            <\/a>\r\n        <\/div>\r\n        <div class=\"info\">\r\n            <div class=\"title\"><a  href=\"https:\/\/vmkik.hu\/index.php\/hirek\/kerdesek-es-valaszok-a-kotelezo-kivitelezoi-felelosseg-biztositas-kapcsan\">K\u00e9rd\u00e9sek \u00e9s v\u00e1laszok a k\u00f6telez\u0151 kivitelez\u0151i felel\u0151ss\u00e9gbiztos\u00edt\u00e1s kapcs\u00e1n<\/a><\/div>\r\n                            <ul class=\"categories\">\r\n                                            <li><a style=\"background: #5c299e; color: #ffffff\" href=\"https:\/\/vmkik.hu\/index.php\/hirek\/hirek\">H\u00edrek<\/a><\/li>\r\n                                            <li><a style=\"background: #64299e; color: #ffffff\" href=\"https:\/\/vmkik.hu\/index.php\/hirek\/vallalkozo-vagyok\">V\u00e1llalkoz\u00f3 vagyok<\/a><\/li>\r\n                                        <li><span class=\"public-at\">2025. janu\u00e1r 08.<\/span><\/li>\r\n                <\/ul>\r\n                        <div class=\"desc\"><p>Korm\u00e1nyrendelet \u00e9rtelm\u00e9ben a v\u00e1llalkoz\u00f3 kivitelez\u0151 k\u00f6teles felel\u0151ss\u00e9gbiztos\u00edt\u00e1si szerz\u0151d\u00e9st k\u00f6tni 2025. janu\u00e1r 15-t\u0151l.<\/p><\/div>\r\n        <\/div>\r\n    <\/div>\r\n        <\/div>\r\n            <div class=\"col-md-6 inline-col feed-item\">\r\n            <div class=\"clearfix\">\r\n        <div class=\"img\">\r\n            <a  href=\"https:\/\/vmkik.hu\/index.php\/hirek\/nav-tajekoztato-az-ovtj-valtasrol\">\r\n                <img class=\"img-responsive img-center\" src=\"\/uploads\/feed_items\/small-teaor25-17362475481777.jpg\" alt=\"NAV-t\u00e1j\u00e9koztat\u00f3 az \u00d6VTJ-v\u00e1lt\u00e1sr\u00f3l\">\r\n            <\/a>\r\n        <\/div>\r\n        <div class=\"info\">\r\n            <div class=\"title\"><a  href=\"https:\/\/vmkik.hu\/index.php\/hirek\/nav-tajekoztato-az-ovtj-valtasrol\">NAV-t\u00e1j\u00e9koztat\u00f3 az \u00d6VTJ-v\u00e1lt\u00e1sr\u00f3l<\/a><\/div>\r\n                            <ul class=\"categories\">\r\n                                            <li><a style=\"background: #5c299e; color: #ffffff\" href=\"https:\/\/vmkik.hu\/index.php\/hirek\/hirek\">H\u00edrek<\/a><\/li>\r\n                                            <li><a style=\"background: #64299e; color: #ffffff\" href=\"https:\/\/vmkik.hu\/index.php\/hirek\/vallalkozo-vagyok\">V\u00e1llalkoz\u00f3 vagyok<\/a><\/li>\r\n                                        <li><span class=\"public-at\">2025. janu\u00e1r 07.<\/span><\/li>\r\n                <\/ul>\r\n                        <div class=\"desc\"><p>A Nemzeti Ad\u00f3- \u00e9s V\u00e1mhivatal t\u00e1j\u00e9koztat\u00e1st tett k\u00f6zz\u00e9 honlapj\u00e1n a 2025. janu\u00e1r 1-jei \u00d6VTJ-v\u00e1lt\u00e1s \u00e9s az ezzel j\u00e1r\u00f3 egy\u00e9ni v\u00e1llalkoz\u00f3i k\u00f6telezetts\u00e9gek kapcs\u00e1n.<\/p><\/div>\r\n        <\/div>\r\n    <\/div>\r\n        <\/div>\r\n            <div class=\"col-md-6 inline-col feed-item\">\r\n            <div class=\"clearfix\">\r\n        <div class=\"img\">\r\n            <a  href=\"https:\/\/vmkik.hu\/index.php\/hirek\/palyazati-ajanlo\">\r\n                <img class=\"img-responsive img-center\" src=\"\/uploads\/feed_items\/small-visegrad-fund-logo-blue-page-0001-beill-17361668803024.jpg\" alt=\"P\u00e1ly\u00e1zati aj\u00e1nl\u00f3\">\r\n            <\/a>\r\n        <\/div>\r\n        <div class=\"info\">\r\n            <div class=\"title\"><a  href=\"https:\/\/vmkik.hu\/index.php\/hirek\/palyazati-ajanlo\">P\u00e1ly\u00e1zati aj\u00e1nl\u00f3<\/a><\/div>\r\n                            <ul class=\"categories\">\r\n                                            <li><a style=\"background: #5c299e; color: #ffffff\" href=\"https:\/\/vmkik.hu\/index.php\/hirek\/hirek\">H\u00edrek<\/a><\/li>\r\n                                            <li><a style=\"background: #299e9e; color: #ffffff\" href=\"https:\/\/vmkik.hu\/index.php\/hirek\/palyazatok\">P\u00e1ly\u00e1zatok<\/a><\/li>\r\n                                        <li><span class=\"public-at\">2025. janu\u00e1r 06.<\/span><\/li>\r\n                <\/ul>\r\n                        <div class=\"desc\"><p>Nemzetk\u00f6zi Visegr\u00e1di Alap p\u00e1ly\u00e1zati lehet\u0151s\u00e9gek.<\/p><\/div>\r\n        <\/div>\r\n    <\/div>\r\n        <\/div>\r\n            <div class=\"col-md-6 inline-col feed-item\">\r\n            <div class=\"clearfix\">\r\n        <div class=\"img\">\r\n            <a  href=\"https:\/\/vmkik.hu\/index.php\/hirek\/fenntarthato-csomagolas-uj-eu-s-szabalyok-a-hulladek-csokkentesere\">\r\n                <img class=\"img-responsive img-center\" src=\"\/uploads\/feed_items\/small-20231109pht09965-original-17361472865395.png\" alt=\"Fenntarthat\u00f3 csomagol\u00e1s: \u00daj EU-s szab\u00e1lyok a hullad\u00e9k cs\u00f6kkent\u00e9s\u00e9re\">\r\n            <\/a>\r\n        <\/div>\r\n        <div class=\"info\">\r\n            <div class=\"title\"><a  href=\"https:\/\/vmkik.hu\/index.php\/hirek\/fenntarthato-csomagolas-uj-eu-s-szabalyok-a-hulladek-csokkentesere\">Fenntarthat\u00f3 csomagol\u00e1s: \u00daj EU-s szab\u00e1lyok a hullad\u00e9k cs\u00f6kkent\u00e9s\u00e9re<\/a><\/div>\r\n                            <ul class=\"categories\">\r\n                                            <li><a style=\"background: #5c299e; color: #ffffff\" href=\"https:\/\/vmkik.hu\/index.php\/hirek\/hirek\">H\u00edrek<\/a><\/li>\r\n                                            <li><a style=\"background: #2a299e; color: #ffffff\" href=\"https:\/\/vmkik.hu\/index.php\/hirek\/europe-direct\">Europe Direct<\/a><\/li>\r\n                                        <li><span class=\"public-at\">2025. janu\u00e1r 06.<\/span><\/li>\r\n                <\/ul>\r\n                        <div class=\"desc\"><p>A Tan\u00e1cs hivatalosan elfogadta a csomagol\u00e1sr\u00f3l \u00e9s a csomagol\u00e1si hullad\u00e9kr\u00f3l sz\u00f3l\u00f3 rendeletet.<\/p><\/div>\r\n        <\/div>\r\n    <\/div>\r\n        <\/div>\r\n            <div class=\"col-md-6 inline-col feed-item\">\r\n            <div class=\"clearfix\">\r\n        <div class=\"img\">\r\n            <a  href=\"https:\/\/vmkik.hu\/index.php\/hirek\/atalanyadozok-figyelmebe\">\r\n                <img class=\"img-responsive img-center\" src=\"\/uploads\/feed_items\/small-adozas-4-17358872245405.jpg\" alt=\"\u00c1tal\u00e1nyad\u00f3z\u00f3k figyelm\u00e9be!\">\r\n            <\/a>\r\n        <\/div>\r\n        <div class=\"info\">\r\n            <div class=\"title\"><a  href=\"https:\/\/vmkik.hu\/index.php\/hirek\/atalanyadozok-figyelmebe\">\u00c1tal\u00e1nyad\u00f3z\u00f3k figyelm\u00e9be!<\/a><\/div>\r\n                            <ul class=\"categories\">\r\n                                            <li><a style=\"background: #5c299e; color: #ffffff\" href=\"https:\/\/vmkik.hu\/index.php\/hirek\/hirek\">H\u00edrek<\/a><\/li>\r\n                                            <li><a style=\"background: #64299e; color: #ffffff\" href=\"https:\/\/vmkik.hu\/index.php\/hirek\/vallalkozo-vagyok\">V\u00e1llalkoz\u00f3 vagyok<\/a><\/li>\r\n                                        <li><span class=\"public-at\">2025. janu\u00e1r 03.<\/span><\/li>\r\n                <\/ul>\r\n                        <div class=\"desc\"><p>Ezekre a bev\u00e9teli \u00e9rt\u00e9khat\u00e1rokra kell figyelni 2025-ben! Az adozona.hu \u00f6sszefoglal\u00f3ja.<\/p><\/div>\r\n        <\/div>\r\n    <\/div>\r\n        <\/div>\r\n            <div class=\"col-md-6 inline-col feed-item\">\r\n            <div class=\"clearfix\">\r\n        <div class=\"img\">\r\n            <a  href=\"https:\/\/vmkik.hu\/index.php\/hirek\/megugrott-a-kereslet-a-35-szazalekra-csokkentett-szechenyi-kartya-beruhazasi-hitelek-irant\">\r\n                <img class=\"img-responsive img-center\" src=\"\/uploads\/feed_items\/small-szechenyi-kartya-program-max-bankkartya-173581195196.jpg\" alt=\"Megugrott a kereslet a 3,5 sz\u00e1zal\u00e9kra cs\u00f6kkentett Sz\u00e9chenyi K\u00e1rtya beruh\u00e1z\u00e1si hitelek ir\u00e1nt\">\r\n            <\/a>\r\n        <\/div>\r\n        <div class=\"info\">\r\n            <div class=\"title\"><a  href=\"https:\/\/vmkik.hu\/index.php\/hirek\/megugrott-a-kereslet-a-35-szazalekra-csokkentett-szechenyi-kartya-beruhazasi-hitelek-irant\">Megugrott a kereslet a 3,5 sz\u00e1zal\u00e9kra cs\u00f6kkentett Sz\u00e9chenyi K\u00e1rtya beruh\u00e1z\u00e1si hitelek ir\u00e1nt<\/a><\/div>\r\n                            <ul class=\"categories\">\r\n                                            <li><a style=\"background: #5c299e; color: #ffffff\" href=\"https:\/\/vmkik.hu\/index.php\/hirek\/hirek\">H\u00edrek<\/a><\/li>\r\n                                            <li><a style=\"background: #9e6f29; color: #ffffff\" href=\"https:\/\/vmkik.hu\/index.php\/hirek\/gazdasagfejlesztes\">Gazdas\u00e1gfejleszt\u00e9s<\/a><\/li>\r\n                                            <li><a style=\"background: #2a299e; color: #ffffff\" href=\"https:\/\/vmkik.hu\/index.php\/hirek\/szechenyi-kartya\">Sz\u00e9chenyi k\u00e1rtya<\/a><\/li>\r\n                                        <li><span class=\"public-at\">2025. janu\u00e1r 02.<\/span><\/li>\r\n                <\/ul>\r\n                        <div class=\"desc\"><p>A korm\u00e1ny 2024 november\u00e9t\u0151l az \u00daj Gazdas\u00e1gpolitikai Akci\u00f3terv r\u00e9szek\u00e9nt meghirdetett 8+1 pontos Demj\u00e1n S\u00e1ndor Program keret\u00e9ben a kor\u00e1bbi 5 sz\u00e1zal\u00e9k helyett \u00e9vi 3,5 sz\u00e1zal\u00e9kra cs\u00f6kkentette a Sz\u00e9chenyi K\u00e1rtya Program beruh\u00e1z\u00e1si hiteleinek kamat\u00e1t.<\/p><\/div>\r\n        <\/div>\r\n    <\/div>\r\n        <\/div>\r\n            <div class=\"col-md-6 inline-col feed-item\">\r\n            <div class=\"clearfix\">\r\n        <div class=\"img\">\r\n            <a  href=\"https:\/\/vmkik.hu\/index.php\/hirek\/penzugyi-valtozasok-2025-januarjatol\">\r\n                <img class=\"img-responsive img-center\" src=\"\/uploads\/feed_items\/small-penz-bank-17358095799887.jpg\" alt=\"P\u00e9nz\u00fcgyi v\u00e1ltoz\u00e1sok 2025 janu\u00e1rj\u00e1t\u00f3l\">\r\n            <\/a>\r\n        <\/div>\r\n        <div class=\"info\">\r\n            <div class=\"title\"><a  href=\"https:\/\/vmkik.hu\/index.php\/hirek\/penzugyi-valtozasok-2025-januarjatol\">P\u00e9nz\u00fcgyi v\u00e1ltoz\u00e1sok 2025 janu\u00e1rj\u00e1t\u00f3l<\/a><\/div>\r\n                            <ul class=\"categories\">\r\n                                            <li><a style=\"background: #5c299e; color: #ffffff\" href=\"https:\/\/vmkik.hu\/index.php\/hirek\/hirek\">H\u00edrek<\/a><\/li>\r\n                                        <li><span class=\"public-at\">2025. janu\u00e1r 02.<\/span><\/li>\r\n                <\/ul>\r\n                        <div class=\"desc\"><p>N\u0151 a banksz\u00e1ml\u00e1k d\u00edja, cs\u00f6kken a hitelek THM maximuma, j\u00f6n a munk\u00e1shitel \u00e9s az \u00faj otthonfel\u00faj\u00edt\u00e1si t\u00e1mogat\u00e1s, lak\u00e1sc\u00e9lra lehet haszn\u00e1lni a nyugd\u00edjp\u00e9nzt\u00e1ri megtakar\u00edt\u00e1st \u00e9s a SZ\u00c9P K\u00e1rtya egyenleg\u00e9nek fel\u00e9t. A legfontosabb v\u00e1ltoz\u00e1sokat a Bank360.hu foglalta \u00f6ssze.<\/p><\/div>\r\n        <\/div>\r\n    <\/div>\r\n        <\/div>\r\n            <div class=\"col-md-6 inline-col feed-item\">\r\n            <div class=\"clearfix\">\r\n        <div class=\"img\">\r\n            <a  href=\"https:\/\/vmkik.hu\/index.php\/hirek\/decemberben-alig-valtozott-a-gki-konjunkturaindexe\">\r\n                <img class=\"img-responsive img-center\" src=\"\/uploads\/feed_items\/small-gki-konjunktura-december-2024-17345982291927.jpg\" alt=\"Decemberben alig v\u00e1ltozott a GKI konjunkt\u00faraindexe\">\r\n            <\/a>\r\n        <\/div>\r\n        <div class=\"info\">\r\n            <div class=\"title\"><a  href=\"https:\/\/vmkik.hu\/index.php\/hirek\/decemberben-alig-valtozott-a-gki-konjunkturaindexe\">Decemberben alig v\u00e1ltozott a GKI konjunkt\u00faraindexe<\/a><\/div>\r\n                            <ul class=\"categories\">\r\n                                            <li><a style=\"background: #5c299e; color: #ffffff\" href=\"https:\/\/vmkik.hu\/index.php\/hirek\/hirek\">H\u00edrek<\/a><\/li>\r\n                                            <li><a style=\"background: #9e6f29; color: #ffffff\" href=\"https:\/\/vmkik.hu\/index.php\/hirek\/gazdasagfejlesztes\">Gazdas\u00e1gfejleszt\u00e9s<\/a><\/li>\r\n                                        <li><span class=\"public-at\">2024. december 19.<\/span><\/li>\r\n                <\/ul>\r\n                        <div class=\"desc\"><p>A GKI Gazdas\u00e1gkutat\u00f3 Zrt.\u2013 az EU t\u00e1mogat\u00e1s\u00e1val \u2013felm\u00e9r\u00e9se szerint decemberben az \u00fczleti szf\u00e9ra kil\u00e1t\u00e1sai tov\u00e1bb romlottak, de a fogyaszt\u00f3k kiss\u00e9 optimist\u00e1bbak lettek. A GKI konjunkt\u00faraindexe az idei m\u00e1sodik f\u00e9l\u00e9vben apr\u00f3 l\u00e9p\u00e9sekkel, de l\u00e9nyeg\u00e9ben folyamatosan esett, \u00edgy decemberre 18 havi m\u00e9lypontj\u00e1ra cs\u00faszott le. A c\u00e9gek foglalkoztat\u00e1si tervei nem v\u00e1ltoztak \u00e9rdemben novemberhez k\u00e9pest, de a gazd\u00e1lkod\u00e1si k\u00f6rnyezet kisz\u00e1m\u00edthat\u00f3s\u00e1ga l\u00e9nyegesen romlott. Az \u00fczleti szf\u00e9ra \u00e1remel\u00e9si tervei \u00e9rdemben, a lakoss\u00e1g infl\u00e1ci\u00f3s v\u00e1rakoz\u00e1sai enyh\u00e9n emelkedtek az el\u0151z\u0151 h\u00f3naphoz k\u00e9pest.<\/p><\/div>\r\n        <\/div>\r\n    <\/div>\r\n        <\/div>\r\n    <\/div>\r\n\r\n<ul class=\"pagination\">\r\n                    <li class=\"left\"><a href=\"https:\/\/vmkik.hu\/index.php\/api\/feeds\/page?page=109\" rel=\"prev\"><span class=\"icon icon-arrow-flat-left\"><\/span><\/a><\/li>\r\n        \r\n                    \r\n                                                                        <li><a href=\"https:\/\/vmkik.hu\/index.php\/api\/feeds\/page?page=1\">01<\/a><\/li>\r\n                                                                                <li><a href=\"https:\/\/vmkik.hu\/index.php\/api\/feeds\/page?page=2\">02<\/a><\/li>\r\n                                                                                    <li class=\"disabled\"><span>...<\/span><\/li>\r\n            \r\n                                \r\n                                                                        <li><a href=\"https:\/\/vmkik.hu\/index.php\/api\/feeds\/page?page=107\">107<\/a><\/li>\r\n                                                                                <li><a href=\"https:\/\/vmkik.hu\/index.php\/api\/feeds\/page?page=108\">108<\/a><\/li>\r\n                                                                                <li><a href=\"https:\/\/vmkik.hu\/index.php\/api\/feeds\/page?page=109\">109<\/a><\/li>\r\n                                                                                <li class=\"active\"><span>110<\/span><\/li>\r\n                                                                                <li><a href=\"https:\/\/vmkik.hu\/index.php\/api\/feeds\/page?page=111\">111<\/a><\/li>\r\n                                                                                <li><a href=\"https:\/\/vmkik.hu\/index.php\/api\/feeds\/page?page=112\">112<\/a><\/li>\r\n                                                                                <li><a href=\"https:\/\/vmkik.hu\/index.php\/api\/feeds\/page?page=113\">113<\/a><\/li>\r\n                                                                                    <li class=\"disabled\"><span>...<\/span><\/li>\r\n            \r\n                                \r\n                                                                        <li><a href=\"https:\/\/vmkik.hu\/index.php\/api\/feeds\/page?page=475\">475<\/a><\/li>\r\n                                                                                <li><a href=\"https:\/\/vmkik.hu\/index.php\/api\/feeds\/page?page=476\">476<\/a><\/li>\r\n                                                        \r\n                    <li class=\"right\"><a href=\"https:\/\/vmkik.hu\/index.php\/api\/feeds\/page?page=111\" rel=\"next\"><span class=\"icon icon-arrow-flat-right\"><\/span><\/a><\/li>\r\n            <\/ul>\r\n\r\n","page":"110"}