{"content":"<div class=\"row inline-row\">\r\n                <div class=\"col-md-6 inline-col feed-item\">\r\n            <div class=\"clearfix\">\r\n        <div class=\"img\">\r\n            <a  href=\"https:\/\/vmkik.hu\/index.php\/hirek\/arrol-fogunk-beszelni-amirol-maskor-nem\">\r\n                <img class=\"img-responsive img-center\" src=\"\/uploads\/feed_items\/small-img-1528-17424776826726.JPG\" alt=\"&quot;Arr\u00f3l fogunk besz\u00e9lni, amir\u0151l m\u00e1skor nem!&quot; - gyakorolt\u00e1k a fiataloknak sz\u00f3l\u00f3 hat\u00e9kony kommunik\u00e1ci\u00f3t\">\r\n            <\/a>\r\n        <\/div>\r\n        <div class=\"info\">\r\n            <div class=\"title\"><a  href=\"https:\/\/vmkik.hu\/index.php\/hirek\/arrol-fogunk-beszelni-amirol-maskor-nem\">&quot;Arr\u00f3l fogunk besz\u00e9lni, amir\u0151l m\u00e1skor nem!&quot; - gyakorolt\u00e1k a fiataloknak sz\u00f3l\u00f3 hat\u00e9kony kommunik\u00e1ci\u00f3t<\/a><\/div>\r\n                            <ul class=\"categories\">\r\n                                            <li><a style=\"background: #5c299e; color: #ffffff\" href=\"https:\/\/vmkik.hu\/index.php\/hirek\/hirek\">H\u00edrek<\/a><\/li>\r\n                                            <li><a style=\"background: #299e9e; color: #ffffff\" href=\"https:\/\/vmkik.hu\/index.php\/hirek\/palyazatok\">P\u00e1ly\u00e1zatok<\/a><\/li>\r\n                                            <li><a style=\"background: #80299e; color: #ffffff\" href=\"https:\/\/vmkik.hu\/index.php\/hirek\/palyaorientacio\">P\u00e1lyaorient\u00e1ci\u00f3<\/a><\/li>\r\n                                        <li><span class=\"public-at\">2025. m\u00e1rcius 20.<\/span><\/li>\r\n                <\/ul>\r\n                        <div class=\"desc\"><p>\"Arr\u00f3l fogunk besz\u00e9lni, amir\u0151l m\u00e1skor nem!\" - \u00e9s \u00edgy is t\u00f6rt\u00e9nt. Interakt\u00edv workshopot tartott tegnap Forr\u00f3 Tam\u00e1s kommunik\u00e1ci\u00f3s szak\u00e9rt\u0151 a Right Skills 4U&nbsp;projekt keret\u00e9ben Szombathelyen.<\/p><\/div>\r\n        <\/div>\r\n    <\/div>\r\n        <\/div>\r\n            <div class=\"col-md-6 inline-col feed-item\">\r\n            <div class=\"clearfix\">\r\n        <div class=\"img\">\r\n            <a  href=\"https:\/\/vmkik.hu\/index.php\/hirek\/ado-es-tb-valtozasok\">\r\n                <img class=\"img-responsive img-center\" src=\"\/uploads\/feed_items\/small-adozashoz-2-17424660239161.jpg\" alt=\"Ad\u00f3 \u00e9s TB v\u00e1ltoz\u00e1sok\">\r\n            <\/a>\r\n        <\/div>\r\n        <div class=\"info\">\r\n            <div class=\"title\"><a  href=\"https:\/\/vmkik.hu\/index.php\/hirek\/ado-es-tb-valtozasok\">Ad\u00f3 \u00e9s TB v\u00e1ltoz\u00e1sok<\/a><\/div>\r\n                            <ul class=\"categories\">\r\n                                            <li><a style=\"background: #5c299e; color: #ffffff\" href=\"https:\/\/vmkik.hu\/index.php\/hirek\/hirek\">H\u00edrek<\/a><\/li>\r\n                                            <li><a style=\"background: #64299e; color: #ffffff\" href=\"https:\/\/vmkik.hu\/index.php\/hirek\/vallalkozo-vagyok\">V\u00e1llalkoz\u00f3 vagyok<\/a><\/li>\r\n                                        <li><span class=\"public-at\">2025. m\u00e1rcius 20.<\/span><\/li>\r\n                <\/ul>\r\n                        <div class=\"desc\"><p>Az adopraxis.hu oldalon <a href=\"https:\/\/ado2025.mpkulonszam.hu\/\">megjelent<\/a> Ad\u00f3 \u00e9s TB v\u00e1ltoz\u00e1sokr\u00f3l sz\u00f3l\u00f3 kiadv\u00e1nyt aj\u00e1nljuk figyelm\u00fckbe.<\/p><\/div>\r\n        <\/div>\r\n    <\/div>\r\n        <\/div>\r\n            <div class=\"col-md-6 inline-col feed-item\">\r\n            <div class=\"clearfix\">\r\n        <div class=\"img\">\r\n            <a  href=\"https:\/\/vmkik.hu\/index.php\/hirek\/tobb-mint-egy-verseny-fedezd-fel-a-szakmak-vilagat-a-xviii-szakma-sztar-fesztivalon\">\r\n                <img class=\"img-responsive img-center\" src=\"\/uploads\/feed_items\/small-small-szakmasztar-logo-1b633ff87c-17424655698976.jpg\" alt=\"T\u00f6bb, mint egy verseny \u2013 Fedezd fel a szakm\u00e1k vil\u00e1g\u00e1t a XVIII. Szakma Szt\u00e1r Fesztiv\u00e1lon!\">\r\n            <\/a>\r\n        <\/div>\r\n        <div class=\"info\">\r\n            <div class=\"title\"><a  href=\"https:\/\/vmkik.hu\/index.php\/hirek\/tobb-mint-egy-verseny-fedezd-fel-a-szakmak-vilagat-a-xviii-szakma-sztar-fesztivalon\">T\u00f6bb, mint egy verseny \u2013 Fedezd fel a szakm\u00e1k vil\u00e1g\u00e1t a XVIII. Szakma Szt\u00e1r Fesztiv\u00e1lon!<\/a><\/div>\r\n                            <ul class=\"categories\">\r\n                                            <li><a style=\"background: #9e2961; color: #ffffff\" href=\"https:\/\/vmkik.hu\/index.php\/hirek\/uton-a-szakmak-vilagaban\">Szakk\u00e9pz\u00e9s<\/a><\/li>\r\n                                            <li><a style=\"background: #5c299e; color: #ffffff\" href=\"https:\/\/vmkik.hu\/index.php\/hirek\/hirek\">H\u00edrek<\/a><\/li>\r\n                                        <li><span class=\"public-at\">2025. m\u00e1rcius 20.<\/span><\/li>\r\n                <\/ul>\r\n                        <div class=\"desc\"><p style=\"text-align:justify\">T\u00f6bb mint 50 szakm\u00e1ban k\u00f6zel k\u00e9tsz\u00e1z di\u00e1k m\u00e9ri \u00f6ssze tud\u00e1s\u00e1t a XVIII. Szakma Szt\u00e1r Fesztiv\u00e1lon \u00e1prilis 28-\u00e1n \u00e9s 29-\u00e9n Budapesten, a tov\u00e1bbi programok k\u00f6z\u00f6tt pedig kiemelt figyelmet kap az interaktivit\u00e1s \u00e9s a testk\u00f6zelb\u0151l megtapasztalhat\u00f3 \u00e9lm\u00e9nyek.<\/p><\/div>\r\n        <\/div>\r\n    <\/div>\r\n        <\/div>\r\n            <div class=\"col-md-6 inline-col feed-item\">\r\n            <div class=\"clearfix\">\r\n        <div class=\"img\">\r\n            <a  href=\"https:\/\/vmkik.hu\/index.php\/hirek\/tajekoztato-demjan-sandor-tokeprogramrol-kamarankban\">\r\n                <img class=\"img-responsive img-center\" src=\"\/uploads\/feed_items\/small-tokeprogram-reszletes-17422921884559.jpg\" alt=\"T\u00e1j\u00e9koztat\u00f3 Demj\u00e1n S\u00e1ndor T\u0151keprogramr\u00f3l kamar\u00e1nkban\">\r\n            <\/a>\r\n        <\/div>\r\n        <div class=\"info\">\r\n            <div class=\"title\"><a  href=\"https:\/\/vmkik.hu\/index.php\/hirek\/tajekoztato-demjan-sandor-tokeprogramrol-kamarankban\">T\u00e1j\u00e9koztat\u00f3 Demj\u00e1n S\u00e1ndor T\u0151keprogramr\u00f3l kamar\u00e1nkban<\/a><\/div>\r\n                            <ul class=\"categories\">\r\n                                            <li><a style=\"background: #5c299e; color: #ffffff\" href=\"https:\/\/vmkik.hu\/index.php\/hirek\/hirek\">H\u00edrek<\/a><\/li>\r\n                                            <li><a style=\"background: #64299e; color: #ffffff\" href=\"https:\/\/vmkik.hu\/index.php\/hirek\/vallalkozo-vagyok\">V\u00e1llalkoz\u00f3 vagyok<\/a><\/li>\r\n                                            <li><a style=\"background: #8f9e29; color: #ffffff\" href=\"https:\/\/vmkik.hu\/index.php\/hirek\/vallalkozasfejlesztesi-projekt\">V\u00e1llalkoz\u00e1sfejleszt\u00e9si projekt<\/a><\/li>\r\n                                        <li><span class=\"public-at\">2025. m\u00e1rcius 18.<\/span><\/li>\r\n                <\/ul>\r\n                        <div class=\"desc\"><p>A Demj\u00e1n S\u00e1ndor T\u0151keprogramr\u00f3l rendez&nbsp;t\u00e1j\u00e9koztat\u00f3 f\u00f3rumot kamar\u00e1nk 2025. \u00e1prilis 1-j\u00e9n 14 \u00f3r\u00e1t\u00f3l. A programon val\u00f3 r\u00e9szv\u00e9tel t\u00e9r\u00edt\u00e9smentes, de el\u0151zetes regisztr\u00e1ci\u00f3hoz k\u00f6t\u00f6tt.<\/p><\/div>\r\n        <\/div>\r\n    <\/div>\r\n        <\/div>\r\n            <div class=\"col-md-6 inline-col feed-item\">\r\n            <div class=\"clearfix\">\r\n        <div class=\"img\">\r\n            <a  href=\"https:\/\/vmkik.hu\/index.php\/hirek\/legyen-on-is-a-szakmaja-mestere-tervezett-mesterkepzeseink-2025-ben\">\r\n                <img class=\"img-responsive img-center\" src=\"\/uploads\/feed_items\/small-small-img-2-17422880336275.jpg\" alt=\"Legyen \u00d6n is a szakm\u00e1ja mestere! \u2013 tervezett mesterk\u00e9pz\u00e9seink 2025-ben\">\r\n            <\/a>\r\n        <\/div>\r\n        <div class=\"info\">\r\n            <div class=\"title\"><a  href=\"https:\/\/vmkik.hu\/index.php\/hirek\/legyen-on-is-a-szakmaja-mestere-tervezett-mesterkepzeseink-2025-ben\">Legyen \u00d6n is a szakm\u00e1ja mestere! \u2013 tervezett mesterk\u00e9pz\u00e9seink 2025-ben<\/a><\/div>\r\n                            <ul class=\"categories\">\r\n                                            <li><a style=\"background: #5c299e; color: #ffffff\" href=\"https:\/\/vmkik.hu\/index.php\/hirek\/hirek\">H\u00edrek<\/a><\/li>\r\n                                            <li><a style=\"background: #299e7b; color: #ffffff\" href=\"https:\/\/vmkik.hu\/index.php\/hirek\/mesterkepzes\">Mesterk\u00e9pz\u00e9s<\/a><\/li>\r\n                                        <li><span class=\"public-at\">2025. m\u00e1rcius 18.<\/span><\/li>\r\n                <\/ul>\r\n                        <div class=\"desc\"><p>A Vas V\u00e1rmegyei Kereskedelmi \u00e9s Iparkamara (feln\u0151ttk\u00e9pz\u00e9si enged\u00e9lysz\u00e1m: E\/2020\/000418, feln\u0151ttk\u00e9pz\u00e9si nyilv\u00e1ntart\u00e1si sz\u00e1ma: B\/2020\/008880) az al\u00e1bbi szakm\u00e1kban tervez mesterk\u00e9pz\u00e9seket ind\u00edtani, \u00e9s szervez mestervizsg\u00e1t 2025-ben, megfelel\u0151 jelentkez\u00e9si l\u00e9tsz\u00e1m eset\u00e9n.<\/p><\/div>\r\n        <\/div>\r\n    <\/div>\r\n        <\/div>\r\n            <div class=\"col-md-6 inline-col feed-item\">\r\n            <div class=\"clearfix\">\r\n        <div class=\"img\">\r\n            <a  href=\"https:\/\/vmkik.hu\/index.php\/hirek\/segitsen-hogy-segithessunk\">\r\n                <img class=\"img-responsive img-center\" src=\"\/uploads\/feed_items\/small-export-finance-17422870166756.jpg\" alt=\"Seg\u00edtsen, hogy seg\u00edthess\u00fcnk!\">\r\n            <\/a>\r\n        <\/div>\r\n        <div class=\"info\">\r\n            <div class=\"title\"><a  href=\"https:\/\/vmkik.hu\/index.php\/hirek\/segitsen-hogy-segithessunk\">Seg\u00edtsen, hogy seg\u00edthess\u00fcnk!<\/a><\/div>\r\n                            <ul class=\"categories\">\r\n                                            <li><a style=\"background: #5c299e; color: #ffffff\" href=\"https:\/\/vmkik.hu\/index.php\/hirek\/hirek\">H\u00edrek<\/a><\/li>\r\n                                            <li><a style=\"background: #9e6f29; color: #ffffff\" href=\"https:\/\/vmkik.hu\/index.php\/hirek\/gazdasagfejlesztes\">Gazdas\u00e1gfejleszt\u00e9s<\/a><\/li>\r\n                                            <li><a style=\"background: #64299e; color: #ffffff\" href=\"https:\/\/vmkik.hu\/index.php\/hirek\/vallalkozo-vagyok\">V\u00e1llalkoz\u00f3 vagyok<\/a><\/li>\r\n                                        <li><span class=\"public-at\">2025. m\u00e1rcius 18.<\/span><\/li>\r\n                <\/ul>\r\n                        <div class=\"desc\"><p>A hazai v\u00e1llalkoz\u00e1sok exporttev\u00e9kenys\u00e9g\u00e9r\u0151l, a piacra l\u00e9p\u00e9s \u00e9s a n\u00f6veked\u00e9s sor\u00e1n felmer\u00fcl\u0151 kih\u00edv\u00e1sokr\u00f3l, valamint az ezek lek\u00fczd\u00e9s\u00e9hez sz\u00fcks\u00e9ges t\u00e1mogat\u00e1si ig\u00e9nyekr\u0151l k\u00e9sz\u00edt kutat\u00e1st a Gazdas\u00e1g \u00e9s V\u00e1llalkoz\u00e1skutat\u00f3 Int\u00e9zet.<\/p><\/div>\r\n        <\/div>\r\n    <\/div>\r\n        <\/div>\r\n            <div class=\"col-md-6 inline-col feed-item\">\r\n            <div class=\"clearfix\">\r\n        <div class=\"img\">\r\n            <a  href=\"https:\/\/vmkik.hu\/index.php\/hirek\/autoszerelo-mesterkepzesre-varjuk-a-jelentkezeseket\">\r\n                <img class=\"img-responsive img-center\" src=\"\/uploads\/feed_items\/small-mesterkepzes-autoszerelo-2025-1742286707325.jpg\" alt=\"Aut\u00f3szerel\u0151 mesterk\u00e9pz\u00e9sre v\u00e1rjuk a jelentkez\u00e9seket!\">\r\n            <\/a>\r\n        <\/div>\r\n        <div class=\"info\">\r\n            <div class=\"title\"><a  href=\"https:\/\/vmkik.hu\/index.php\/hirek\/autoszerelo-mesterkepzesre-varjuk-a-jelentkezeseket\">Aut\u00f3szerel\u0151 mesterk\u00e9pz\u00e9sre v\u00e1rjuk a jelentkez\u00e9seket!<\/a><\/div>\r\n                            <ul class=\"categories\">\r\n                                            <li><a style=\"background: #9e2961; color: #ffffff\" href=\"https:\/\/vmkik.hu\/index.php\/hirek\/uton-a-szakmak-vilagaban\">Szakk\u00e9pz\u00e9s<\/a><\/li>\r\n                                            <li><a style=\"background: #5c299e; color: #ffffff\" href=\"https:\/\/vmkik.hu\/index.php\/hirek\/hirek\">H\u00edrek<\/a><\/li>\r\n                                            <li><a style=\"background: #299e7b; color: #ffffff\" href=\"https:\/\/vmkik.hu\/index.php\/hirek\/mesterkepzes\">Mesterk\u00e9pz\u00e9s<\/a><\/li>\r\n                                        <li><span class=\"public-at\">2025. m\u00e1rcius 18.<\/span><\/li>\r\n                <\/ul>\r\n                        <div class=\"desc\"><p>Aut\u00f3szerel\u0151 mesterk\u00e9pz\u00e9st ind\u00edt kamar\u00e1nk megfelel\u0151 l\u00e9tsz\u00e1m eset\u00e9n! Ne maradjon le, jelentkezzen mesterk\u00e9pz\u00e9s\u00fcnkre!&nbsp;A&nbsp;mesterk\u00e9pz\u00e9s c\u00e9lja, hogy a k\u00e9pz\u00e9sben r\u00e9szt vev\u0151 szakember a \u201eMESTER\u201d c\u00edm megszerz\u00e9s\u00e9vel szakm\u00e1ja gyakorl\u00e1sa sor\u00e1n egy \u00faj, magasabb szintet \u00e9rjen el \u00e9s a legkorszer\u0171bb ismereteket is elsaj\u00e1t\u00edtsa.&nbsp;<\/p><\/div>\r\n        <\/div>\r\n    <\/div>\r\n        <\/div>\r\n            <div class=\"col-md-6 inline-col feed-item\">\r\n            <div class=\"clearfix\">\r\n        <div class=\"img\">\r\n            <a  href=\"https:\/\/vmkik.hu\/index.php\/hirek\/szezonnyito-turisztikai-forum-uzleti-reggelivel-egybekotve\">\r\n                <img class=\"img-responsive img-center\" src=\"\/uploads\/feed_items\/small-utazas-kiallitas-02-17422221666911.jpg\" alt=\"Szezonnyit\u00f3 turisztikai f\u00f3rum \u00fczleti reggelivel egybek\u00f6tve\">\r\n            <\/a>\r\n        <\/div>\r\n        <div class=\"info\">\r\n            <div class=\"title\"><a  href=\"https:\/\/vmkik.hu\/index.php\/hirek\/szezonnyito-turisztikai-forum-uzleti-reggelivel-egybekotve\">Szezonnyit\u00f3 turisztikai f\u00f3rum \u00fczleti reggelivel egybek\u00f6tve<\/a><\/div>\r\n                            <ul class=\"categories\">\r\n                                            <li><a style=\"background: #5c299e; color: #ffffff\" href=\"https:\/\/vmkik.hu\/index.php\/hirek\/hirek\">H\u00edrek<\/a><\/li>\r\n                                            <li><a style=\"background: #64299e; color: #ffffff\" href=\"https:\/\/vmkik.hu\/index.php\/hirek\/vallalkozo-vagyok\">V\u00e1llalkoz\u00f3 vagyok<\/a><\/li>\r\n                                            <li><a style=\"background: #8f9e29; color: #ffffff\" href=\"https:\/\/vmkik.hu\/index.php\/hirek\/vallalkozasfejlesztesi-projekt\">V\u00e1llalkoz\u00e1sfejleszt\u00e9si projekt<\/a><\/li>\r\n                                        <li><span class=\"public-at\">2025. m\u00e1rcius 17.<\/span><\/li>\r\n                <\/ul>\r\n                        <div class=\"desc\"><p>Szezonnyit\u00f3 turisztikai f\u00f3rumot szervez 4 helysz\u00ednen 2025. \u00e1prilis\u00e1ban a VMKIK, az \u00fczleti reggelivel egybek\u00f6t\u00f6tt rendezv\u00e9nyre a helyi vend\u00e9gl\u00e1t\u00e1s \u00e9s turizmus ter\u00fclet\u00e9n tev\u00e9kenyked\u0151 v\u00e1llalkoz\u00f3kat v\u00e1rj\u00e1k.<\/p><\/div>\r\n        <\/div>\r\n    <\/div>\r\n        <\/div>\r\n    <\/div>\r\n\r\n<ul class=\"pagination\">\r\n                    <li class=\"left\"><a href=\"https:\/\/vmkik.hu\/index.php\/api\/feeds\/page?page=116\" rel=\"prev\"><span class=\"icon icon-arrow-flat-left\"><\/span><\/a><\/li>\r\n        \r\n                    \r\n                                                                        <li><a href=\"https:\/\/vmkik.hu\/index.php\/api\/feeds\/page?page=1\">01<\/a><\/li>\r\n                                                                                <li><a href=\"https:\/\/vmkik.hu\/index.php\/api\/feeds\/page?page=2\">02<\/a><\/li>\r\n                                                                                    <li class=\"disabled\"><span>...<\/span><\/li>\r\n            \r\n                                \r\n                                                                        <li><a href=\"https:\/\/vmkik.hu\/index.php\/api\/feeds\/page?page=114\">114<\/a><\/li>\r\n                                                                                <li><a href=\"https:\/\/vmkik.hu\/index.php\/api\/feeds\/page?page=115\">115<\/a><\/li>\r\n                                                                                <li><a href=\"https:\/\/vmkik.hu\/index.php\/api\/feeds\/page?page=116\">116<\/a><\/li>\r\n                                                                                <li class=\"active\"><span>117<\/span><\/li>\r\n                                                                                <li><a href=\"https:\/\/vmkik.hu\/index.php\/api\/feeds\/page?page=118\">118<\/a><\/li>\r\n                                                                                <li><a href=\"https:\/\/vmkik.hu\/index.php\/api\/feeds\/page?page=119\">119<\/a><\/li>\r\n                                                                                <li><a href=\"https:\/\/vmkik.hu\/index.php\/api\/feeds\/page?page=120\">120<\/a><\/li>\r\n                                                                                    <li class=\"disabled\"><span>...<\/span><\/li>\r\n            \r\n                                \r\n                                                                        <li><a href=\"https:\/\/vmkik.hu\/index.php\/api\/feeds\/page?page=503\">503<\/a><\/li>\r\n                                                                                <li><a href=\"https:\/\/vmkik.hu\/index.php\/api\/feeds\/page?page=504\">504<\/a><\/li>\r\n                                                        \r\n                    <li class=\"right\"><a href=\"https:\/\/vmkik.hu\/index.php\/api\/feeds\/page?page=118\" rel=\"next\"><span class=\"icon icon-arrow-flat-right\"><\/span><\/a><\/li>\r\n            <\/ul>\r\n\r\n","page":"117"}