{"content":"<div class=\"row inline-row\">\r\n                <div class=\"col-md-6 inline-col feed-item\">\r\n            <div class=\"clearfix\">\r\n        <div class=\"img\">\r\n            <a  href=\"https:\/\/vmkik.hu\/index.php\/hirek\/ujra-itt-van-az-europai-parlament-pozitiv-cselekvesi-programja\">\r\n                <img class=\"img-responsive img-center\" src=\"\/uploads\/feed_items\/small-6802207671846221-n-1777360492277.jpg\" alt=\"\u00dajra itt van az Eur\u00f3pai Parlament Pozit\u00edv Cselekv\u00e9si Programja!\">\r\n            <\/a>\r\n        <\/div>\r\n        <div class=\"info\">\r\n            <div class=\"title\"><a  href=\"https:\/\/vmkik.hu\/index.php\/hirek\/ujra-itt-van-az-europai-parlament-pozitiv-cselekvesi-programja\">\u00dajra itt van az Eur\u00f3pai Parlament Pozit\u00edv Cselekv\u00e9si Programja!<\/a><\/div>\r\n                            <ul class=\"categories\">\r\n                                            <li><a style=\"background: #5c299e; color: #ffffff\" href=\"https:\/\/vmkik.hu\/index.php\/hirek\/hirek\">H\u00edrek<\/a><\/li>\r\n                                            <li><a style=\"background: #2a299e; color: #ffffff\" href=\"https:\/\/vmkik.hu\/index.php\/hirek\/europe-direct\">Europe Direct<\/a><\/li>\r\n                                            <li><a style=\"background: #299e9e; color: #ffffff\" href=\"https:\/\/vmkik.hu\/index.php\/hirek\/palyazatok\">P\u00e1ly\u00e1zatok<\/a><\/li>\r\n                                        <li><span class=\"public-at\">2026. \u00e1prilis 28.<\/span><\/li>\r\n                <\/ul>\r\n                        <div class=\"desc\"><p>Az Eur\u00f3pai Parlament elind\u00edtja az \u00e9ves pozit\u00edv cselekv\u00e9si programj\u00e1t (2026. \u00e9vi program), amely arra szolg\u00e1l, hogy el\u0151seg\u00edtse a fogyat\u00e9koss\u00e1ggal \u00e9l\u0151 szem\u00e9lyek szerz\u0151d\u00e9ses alkalmazottk\u00e9nt val\u00f3 foglalkoztat\u00e1s\u00e1t.<\/p><\/div>\r\n        <\/div>\r\n    <\/div>\r\n        <\/div>\r\n            <div class=\"col-md-6 inline-col feed-item\">\r\n            <div class=\"clearfix\">\r\n        <div class=\"img\">\r\n            <a  href=\"https:\/\/vmkik.hu\/index.php\/hirek\/eu-felmaraton-koncertek-es-egesz-napos-csaladi-programok-majus-10-en-ismet-europa-napi-fesztival-a-szabadsag-teren\">\r\n                <img class=\"img-responsive img-center\" src=\"\/uploads\/feed_items\/small-eunap-17773601734505.jpg\" alt=\"EU f\u00e9lmaraton, koncertek \u00e9s eg\u00e9sz napos csal\u00e1di programok \u2013 m\u00e1jus 10-\u00e9n ism\u00e9t Eur\u00f3pa-napi fesztiv\u00e1l a Szabads\u00e1g t\u00e9ren\">\r\n            <\/a>\r\n        <\/div>\r\n        <div class=\"info\">\r\n            <div class=\"title\"><a  href=\"https:\/\/vmkik.hu\/index.php\/hirek\/eu-felmaraton-koncertek-es-egesz-napos-csaladi-programok-majus-10-en-ismet-europa-napi-fesztival-a-szabadsag-teren\">EU f\u00e9lmaraton, koncertek \u00e9s eg\u00e9sz napos csal\u00e1di programok \u2013 m\u00e1jus 10-\u00e9n ism\u00e9t Eur\u00f3pa-napi fesztiv\u00e1l a Szabads\u00e1g t\u00e9ren<\/a><\/div>\r\n                            <ul class=\"categories\">\r\n                                            <li><a style=\"background: #5c299e; color: #ffffff\" href=\"https:\/\/vmkik.hu\/index.php\/hirek\/hirek\">H\u00edrek<\/a><\/li>\r\n                                            <li><a style=\"background: #2a299e; color: #ffffff\" href=\"https:\/\/vmkik.hu\/index.php\/hirek\/europe-direct\">Europe Direct<\/a><\/li>\r\n                                        <li><span class=\"public-at\">2026. \u00e1prilis 28.<\/span><\/li>\r\n                <\/ul>\r\n                        <div class=\"desc\"><p>A hagyom\u00e1nyos fut\u00f3verseny mellett t\u00f6bbek k\u00f6z\u00f6tt a Hiperkarma, a Budai Pop Du\u00f3, a Felef\u00e1nt \u00e9s nemzetk\u00f6zi el\u0151ad\u00f3k fell\u00e9p\u00e9s\u00e9vel v\u00e1rja a l\u00e1togat\u00f3kat az idei Eur\u00f3pa-napi fesztiv\u00e1l a budapesti Szabads\u00e1g t\u00e9ren, m\u00e1jus 10-\u00e9n.<\/p><\/div>\r\n        <\/div>\r\n    <\/div>\r\n        <\/div>\r\n            <div class=\"col-md-6 inline-col feed-item\">\r\n            <div class=\"clearfix\">\r\n        <div class=\"img\">\r\n            <a  href=\"https:\/\/vmkik.hu\/index.php\/hirek\/spark-funding-2026-program\">\r\n                <img class=\"img-responsive img-center\" src=\"\/uploads\/feed_items\/small-672339620321537-n-17773597348222.jpg\" alt=\"Spark Funding 2026 program\">\r\n            <\/a>\r\n        <\/div>\r\n        <div class=\"info\">\r\n            <div class=\"title\"><a  href=\"https:\/\/vmkik.hu\/index.php\/hirek\/spark-funding-2026-program\">Spark Funding 2026 program<\/a><\/div>\r\n                            <ul class=\"categories\">\r\n                                            <li><a style=\"background: #5c299e; color: #ffffff\" href=\"https:\/\/vmkik.hu\/index.php\/hirek\/hirek\">H\u00edrek<\/a><\/li>\r\n                                            <li><a style=\"background: #299e9e; color: #ffffff\" href=\"https:\/\/vmkik.hu\/index.php\/hirek\/palyazatok\">P\u00e1ly\u00e1zatok<\/a><\/li>\r\n                                        <li><span class=\"public-at\">2026. \u00e1prilis 28.<\/span><\/li>\r\n                <\/ul>\r\n                        <div class=\"desc\"><p>Felh\u00edvjuk figyelm\u00e9t egy haz\u00e1nkban egyed\u00fcl\u00e1ll\u00f3 lehet\u0151s\u00e9gre, az Eur\u00f3pai \u0170r\u00fcgyn\u00f6ks\u00e9g <strong><a href=\"https:\/\/esatechbroker.designterminal.org\/\" rel=\"noopener\" target=\"_blank\">Spark Funding<\/a><\/strong> programj\u00e1ra. A kezdem\u00e9nyez\u00e9s c\u00e9lja, hogy \u0171ripari megold\u00e1sok seg\u00edts\u00e9g\u00e9vel fejlessze a magyar kkv-szektor szerepl\u0151it, amelynek keret\u00e9ben <strong>a v\u00e1llalatok 75 000\u20ac vissza nem t\u00e9r\u00edtend\u0151, r\u00e9szesed\u00e9smentes t\u00e1mogat\u00e1sra p\u00e1ly\u00e1zhatnak<\/strong>, hogy \u0171ripari megold\u00e1sok seg\u00edts\u00e9g\u00e9vel fejlessz\u00e9k v\u00e1llalkoz\u00e1sukat, \u00faj term\u00e9ket hozzanak l\u00e9tre, n\u00f6velj\u00e9k hat\u00e9konys\u00e1guk \u00e9s termel\u00e9kenys\u00e9g\u00fck vagy fel\u00fclkerekedjenek m\u0171szaki kih\u00edv\u00e1saikon.&nbsp;<\/p><\/div>\r\n        <\/div>\r\n    <\/div>\r\n        <\/div>\r\n            <div class=\"col-md-6 inline-col feed-item\">\r\n            <div class=\"clearfix\">\r\n        <div class=\"img\">\r\n            <a  href=\"https:\/\/vmkik.hu\/index.php\/hirek\/a-gki-konjunktura-indexe-aprilisban-jelentosen-emelkedett\">\r\n                <img class=\"img-responsive img-center\" src=\"\/uploads\/feed_items\/small-kepernyokep-2026-04-23-17772914131442.png\" alt=\"A GKI konjunkt\u00fara indexe \u00e1prilisban jelent\u0151sen emelkedett\">\r\n            <\/a>\r\n        <\/div>\r\n        <div class=\"info\">\r\n            <div class=\"title\"><a  href=\"https:\/\/vmkik.hu\/index.php\/hirek\/a-gki-konjunktura-indexe-aprilisban-jelentosen-emelkedett\">A GKI konjunkt\u00fara indexe \u00e1prilisban jelent\u0151sen emelkedett<\/a><\/div>\r\n                            <ul class=\"categories\">\r\n                                            <li><a style=\"background: #5c299e; color: #ffffff\" href=\"https:\/\/vmkik.hu\/index.php\/hirek\/hirek\">H\u00edrek<\/a><\/li>\r\n                                        <li><span class=\"public-at\">2026. \u00e1prilis 27.<\/span><\/li>\r\n                <\/ul>\r\n                        <div class=\"desc\"><p style=\"text-align:justify\">A GKI Gazdas\u00e1gkutat\u00f3 Zrt. \u2013 a EU t\u00e1mogat\u00e1s\u00e1val \u00e9s m\u00f3dszertan\u00e9val elv\u00e9gzett \u2013 felm\u00e9r\u00e9se szerint \u00e1prilisban a fogyaszt\u00f3k \u00e9s az \u00fczleti szektor hangulata is \u00e9rezhet\u0151en javult m\u00e1rciushoz k\u00e9pest. A v\u00e1rakoz\u00e1sok \u00f6sszefoglal\u00f3 jelz\u0151sz\u00e1ma, a GKI konjunkt\u00fara indexe b\u0151 h\u00e1rom ponttal emelkedett m\u00e1rciushoz k\u00e9pest, s ezzel huszonh\u00e9t havi cs\u00facs\u00e1ra \u00e9rt fel.<\/p><\/div>\r\n        <\/div>\r\n    <\/div>\r\n        <\/div>\r\n            <div class=\"col-md-6 inline-col feed-item\">\r\n            <div class=\"clearfix\">\r\n        <div class=\"img\">\r\n            <a  href=\"https:\/\/vmkik.hu\/index.php\/hirek\/orszagos-kamarai-program-segiti-a-kkv-kat-a-fogyasztovedelem-es-az-ugyfelpanasz-kezeles-teruleten\">\r\n                <img class=\"img-responsive img-center\" src=\"\/uploads\/feed_items\/small-illusztracios-kep-pexels-17772857701432.jpg\" alt=\"Orsz\u00e1gos kamarai program seg\u00edti a kkv-kat a fogyaszt\u00f3v\u00e9delem \u00e9s az \u00fcgyf\u00e9lpanasz-kezel\u00e9s ter\u00fclet\u00e9n\">\r\n            <\/a>\r\n        <\/div>\r\n        <div class=\"info\">\r\n            <div class=\"title\"><a  href=\"https:\/\/vmkik.hu\/index.php\/hirek\/orszagos-kamarai-program-segiti-a-kkv-kat-a-fogyasztovedelem-es-az-ugyfelpanasz-kezeles-teruleten\">Orsz\u00e1gos kamarai program seg\u00edti a kkv-kat a fogyaszt\u00f3v\u00e9delem \u00e9s az \u00fcgyf\u00e9lpanasz-kezel\u00e9s ter\u00fclet\u00e9n<\/a><\/div>\r\n                            <ul class=\"categories\">\r\n                                            <li><a style=\"background: #5c299e; color: #ffffff\" href=\"https:\/\/vmkik.hu\/index.php\/hirek\/hirek\">H\u00edrek<\/a><\/li>\r\n                                            <li><a style=\"background: #299e2e; color: #ffffff\" href=\"https:\/\/vmkik.hu\/index.php\/hirek\/bekelteto-testulet\">B\u00e9k\u00e9ltet\u0151 Test\u00fclet<\/a><\/li>\r\n                                        <li><span class=\"public-at\">2026. \u00e1prilis 27.<\/span><\/li>\r\n                <\/ul>\r\n                        <div class=\"desc\"><p style=\"text-align:justify\">Elindult az OVK-T\u00c1R, azaz az Orsz\u00e1gos v\u00e1llalkoz\u00f3i munkacsoport-h\u00e1l\u00f3zat \u00e9s kamarai workshop-program, amelynek c\u00e9lja, hogy gyakorlatorient\u00e1lt, gyorsan alkalmazhat\u00f3 megold\u00e1sokkal er\u0151s\u00edtse a kis- \u00e9s k\u00f6z\u00e9pv\u00e1llalkoz\u00e1sok fogyaszt\u00f3v\u00e9delmi jogszab\u00e1lyi megfelel\u00e9s\u00e9t \u00e9s \u00fcgyf\u00e9lpanasz-kezel\u00e9si gyakorlat\u00e1t.<\/p><\/div>\r\n        <\/div>\r\n    <\/div>\r\n        <\/div>\r\n            <div class=\"col-md-6 inline-col feed-item\">\r\n            <div class=\"clearfix\">\r\n        <div class=\"img\">\r\n            <a  href=\"https:\/\/vmkik.hu\/index.php\/hirek\/nav-ellenorzesek-kerteszetek-az-ellenorzesek-kozpontjaban\">\r\n                <img class=\"img-responsive img-center\" src=\"\/uploads\/feed_items\/small-danielsjostrand-tunnel-greenhouse-17772754132759.jpg\" alt=\"NAV ellen\u0151rz\u00e9sek - kert\u00e9szetek az ellen\u0151rz\u00e9sek k\u00f6zpontj\u00e1ban\">\r\n            <\/a>\r\n        <\/div>\r\n        <div class=\"info\">\r\n            <div class=\"title\"><a  href=\"https:\/\/vmkik.hu\/index.php\/hirek\/nav-ellenorzesek-kerteszetek-az-ellenorzesek-kozpontjaban\">NAV ellen\u0151rz\u00e9sek - kert\u00e9szetek az ellen\u0151rz\u00e9sek k\u00f6zpontj\u00e1ban<\/a><\/div>\r\n                            <ul class=\"categories\">\r\n                                            <li><a style=\"background: #5c299e; color: #ffffff\" href=\"https:\/\/vmkik.hu\/index.php\/hirek\/hirek\">H\u00edrek<\/a><\/li>\r\n                                        <li><span class=\"public-at\">2026. \u00e1prilis 27.<\/span><\/li>\r\n                <\/ul>\r\n                        <div class=\"desc\"><p>Az AD\u00d3traffipax friss bejegyz\u00e9seib\u0151l kider\u00fcl, hogy hol \u00e9s kik sz\u00e1m\u00edthatnak nagyobb val\u00f3sz\u00edn\u0171s\u00e9ggel operat\u00edv ellen\u0151rz\u00e9sre az \u00e1prilis 27-\u00e9n kezd\u0151d\u0151 h\u00e9ten.<\/p><\/div>\r\n        <\/div>\r\n    <\/div>\r\n        <\/div>\r\n            <div class=\"col-md-6 inline-col feed-item\">\r\n            <div class=\"clearfix\">\r\n        <div class=\"img\">\r\n            <a  href=\"https:\/\/vmkik.hu\/index.php\/hirek\/munkaeropiaci-forum-20260513-meghivo\">\r\n                <img class=\"img-responsive img-center\" src=\"\/uploads\/feed_items\/small-hr-process-1280-17769508327116.png\" alt=\"Munkaer\u0151piaci f\u00f3rum 2026.05.13 - Megh\u00edv\u00f3\">\r\n            <\/a>\r\n        <\/div>\r\n        <div class=\"info\">\r\n            <div class=\"title\"><a  href=\"https:\/\/vmkik.hu\/index.php\/hirek\/munkaeropiaci-forum-20260513-meghivo\">Munkaer\u0151piaci f\u00f3rum 2026.05.13 - Megh\u00edv\u00f3<\/a><\/div>\r\n                            <ul class=\"categories\">\r\n                                            <li><a style=\"background: #5c299e; color: #ffffff\" href=\"https:\/\/vmkik.hu\/index.php\/hirek\/hirek\">H\u00edrek<\/a><\/li>\r\n                                            <li><a style=\"background: #8f9e29; color: #ffffff\" href=\"https:\/\/vmkik.hu\/index.php\/hirek\/vallalkozasfejlesztesi-projekt\">V\u00e1llalkoz\u00e1sfejleszt\u00e9si projekt<\/a><\/li>\r\n                                        <li><span class=\"public-at\">2026. \u00e1prilis 23.<\/span><\/li>\r\n                <\/ul>\r\n                        <div class=\"desc\"><p>A m\u00e1jus 13-i rendezv\u00e9ny\u00fcnk f\u00f3kusz\u00e1ban munkaer\u0151piaci aktualit\u00e1sok, \u00e9rdekess\u00e9gek , b\u00e9rtranszparencia (2023\/970 EU ir\u00e1nyelv) kapcs\u00e1n felmer\u00fcl\u0151 k\u00f6telezetts\u00e9gek \u00e9s gyakorlati megk\u00f6zel\u00edt\u00e9sek, aktualit\u00e1sok \u00e1llnak.<\/p><\/div>\r\n        <\/div>\r\n    <\/div>\r\n        <\/div>\r\n            <div class=\"col-md-6 inline-col feed-item\">\r\n            <div class=\"clearfix\">\r\n        <div class=\"img\">\r\n            <a  href=\"https:\/\/vmkik.hu\/index.php\/hirek\/nemzetkozi-gazdasagi-hirlevel-0423\">\r\n                <img class=\"img-responsive img-center\" src=\"\/uploads\/feed_items\/small-nemzetkoezihirlevelhez-17769491516025.png\" alt=\"Nemzetk\u00f6zi gazdas\u00e1gi h\u00edrlev\u00e9l  04.23.\">\r\n            <\/a>\r\n        <\/div>\r\n        <div class=\"info\">\r\n            <div class=\"title\"><a  href=\"https:\/\/vmkik.hu\/index.php\/hirek\/nemzetkozi-gazdasagi-hirlevel-0423\">Nemzetk\u00f6zi gazdas\u00e1gi h\u00edrlev\u00e9l  04.23.<\/a><\/div>\r\n                            <ul class=\"categories\">\r\n                                            <li><a style=\"background: #5c299e; color: #ffffff\" href=\"https:\/\/vmkik.hu\/index.php\/hirek\/hirek\">H\u00edrek<\/a><\/li>\r\n                                        <li><span class=\"public-at\">2026. \u00e1prilis 23.<\/span><\/li>\r\n                <\/ul>\r\n                        <div class=\"desc\"><p>H\u00edrek, naprak\u00e9sz inform\u00e1ci\u00f3k a k\u00fclkereskedelem szempontj\u00e1b\u00f3l meghat\u00e1roz\u00f3 orsz\u00e1gok aktu\u00e1lis gazdas\u00e1gi helyzet\u00e9r\u0151l \u00e9s az orsz\u00e1gokat \u00e9rint\u0151 legfontosabb int\u00e9zked\u00e9sekr\u0151l.<\/p><\/div>\r\n        <\/div>\r\n    <\/div>\r\n        <\/div>\r\n    <\/div>\r\n\r\n<ul class=\"pagination\">\r\n                    <li class=\"left\"><a href=\"https:\/\/vmkik.hu\/index.php\/api\/feeds\/page?page=1\" rel=\"prev\"><span class=\"icon icon-arrow-flat-left\"><\/span><\/a><\/li>\r\n        \r\n                    \r\n                                                                        <li><a href=\"https:\/\/vmkik.hu\/index.php\/api\/feeds\/page?page=1\">01<\/a><\/li>\r\n                                                                                <li class=\"active\"><span>02<\/span><\/li>\r\n                                                                                <li><a href=\"https:\/\/vmkik.hu\/index.php\/api\/feeds\/page?page=3\">03<\/a><\/li>\r\n                                                                                <li><a href=\"https:\/\/vmkik.hu\/index.php\/api\/feeds\/page?page=4\">04<\/a><\/li>\r\n                                                                                <li><a href=\"https:\/\/vmkik.hu\/index.php\/api\/feeds\/page?page=5\">05<\/a><\/li>\r\n                                                                                <li><a href=\"https:\/\/vmkik.hu\/index.php\/api\/feeds\/page?page=6\">06<\/a><\/li>\r\n                                                                                <li><a href=\"https:\/\/vmkik.hu\/index.php\/api\/feeds\/page?page=7\">07<\/a><\/li>\r\n                                                                                <li><a href=\"https:\/\/vmkik.hu\/index.php\/api\/feeds\/page?page=8\">08<\/a><\/li>\r\n                                                                                    <li class=\"disabled\"><span>...<\/span><\/li>\r\n            \r\n                                \r\n                                                                        <li><a href=\"https:\/\/vmkik.hu\/index.php\/api\/feeds\/page?page=476\">476<\/a><\/li>\r\n                                                                                <li><a href=\"https:\/\/vmkik.hu\/index.php\/api\/feeds\/page?page=477\">477<\/a><\/li>\r\n                                                        \r\n                    <li class=\"right\"><a href=\"https:\/\/vmkik.hu\/index.php\/api\/feeds\/page?page=3\" rel=\"next\"><span class=\"icon icon-arrow-flat-right\"><\/span><\/a><\/li>\r\n            <\/ul>\r\n\r\n","page":"2"}