{"content":"<div class=\"row inline-row\">\r\n                <div class=\"col-md-6 inline-col feed-item\">\r\n            <div class=\"clearfix\">\r\n        <div class=\"img\">\r\n            <a  href=\"https:\/\/vmkik.hu\/index.php\/hirek\/del-dunantuli-beszallitoi-forum\">\r\n                <img class=\"img-responsive img-center\" src=\"\/uploads\/feed_items\/small-del-dunantuli-beszallitoi-forum-2-17769475765893.jpg\" alt=\"D\u00e9l-dun\u00e1nt\u00fali  Besz\u00e1ll\u00edt\u00f3i F\u00f3rum\">\r\n            <\/a>\r\n        <\/div>\r\n        <div class=\"info\">\r\n            <div class=\"title\"><a  href=\"https:\/\/vmkik.hu\/index.php\/hirek\/del-dunantuli-beszallitoi-forum\">D\u00e9l-dun\u00e1nt\u00fali  Besz\u00e1ll\u00edt\u00f3i F\u00f3rum<\/a><\/div>\r\n                            <ul class=\"categories\">\r\n                                            <li><a style=\"background: #5c299e; color: #ffffff\" href=\"https:\/\/vmkik.hu\/index.php\/hirek\/hirek\">H\u00edrek<\/a><\/li>\r\n                                            <li><a style=\"background: #9e6f29; color: #ffffff\" href=\"https:\/\/vmkik.hu\/index.php\/hirek\/gazdasagfejlesztes\">Gazdas\u00e1gfejleszt\u00e9s<\/a><\/li>\r\n                                            <li><a style=\"background: #8f9e29; color: #ffffff\" href=\"https:\/\/vmkik.hu\/index.php\/hirek\/vallalkozasfejlesztesi-projekt\">V\u00e1llalkoz\u00e1sfejleszt\u00e9si projekt<\/a><\/li>\r\n                                        <li><span class=\"public-at\">2026. \u00e1prilis 23.<\/span><\/li>\r\n                <\/ul>\r\n                        <div class=\"desc\"><p>A&nbsp;Magyar Kereskedelmi \u00e9s Iparkamara&nbsp;\u00e1ltal t\u00e1mogatott&nbsp;V\u00e1llalkoz\u00e1sfejleszt\u00e9si Program&nbsp;r\u00e9szek\u00e9nt a&nbsp;hazai kamarai h\u00e1l\u00f3zat&nbsp;id\u00e9n tavasszal \u00fajabb&nbsp;Orsz\u00e1gos Kamarai Besz\u00e1ll\u00edt\u00f3i Programot&nbsp;val\u00f3s\u00edt meg.&nbsp;<em><strong>A&nbsp;7 r\u00e9gi\u00f3s rendezv\u00e9nyb\u0151l \u00e1ll\u00f3 programsorozat&nbsp;egyes rendezv\u00e9nyein \u00d6n besz\u00e1ll\u00edt\u00f3k\u00e9nt \u00faj piacokat tal\u00e1lhat az egyes r\u00e9gi\u00f3k nagyv\u00e1llalatain\u00e1l!<\/strong><\/em><\/p><\/div>\r\n        <\/div>\r\n    <\/div>\r\n        <\/div>\r\n            <div class=\"col-md-6 inline-col feed-item\">\r\n            <div class=\"clearfix\">\r\n        <div class=\"img\">\r\n            <a  href=\"https:\/\/vmkik.hu\/index.php\/hirek\/uzleti-lehetosegek-franciaorszagban-hogyan-ervenyesuljunk-a-francia-piacon\">\r\n                <img class=\"img-responsive img-center\" src=\"\/uploads\/feed_items\/small-parola-17768645672799.png\" alt=\"\u00dczleti lehet\u0151s\u00e9gek Franciaorsz\u00e1gban: hogyan \u00e9rv\u00e9nyes\u00fclj\u00fcnk a francia piacon\">\r\n            <\/a>\r\n        <\/div>\r\n        <div class=\"info\">\r\n            <div class=\"title\"><a  href=\"https:\/\/vmkik.hu\/index.php\/hirek\/uzleti-lehetosegek-franciaorszagban-hogyan-ervenyesuljunk-a-francia-piacon\">\u00dczleti lehet\u0151s\u00e9gek Franciaorsz\u00e1gban: hogyan \u00e9rv\u00e9nyes\u00fclj\u00fcnk a francia piacon<\/a><\/div>\r\n                            <ul class=\"categories\">\r\n                                            <li><a style=\"background: #5c299e; color: #ffffff\" href=\"https:\/\/vmkik.hu\/index.php\/hirek\/hirek\">H\u00edrek<\/a><\/li>\r\n                                            <li><a style=\"background: #9e6f29; color: #ffffff\" href=\"https:\/\/vmkik.hu\/index.php\/hirek\/gazdasagfejlesztes\">Gazdas\u00e1gfejleszt\u00e9s<\/a><\/li>\r\n                                        <li><span class=\"public-at\">2026. \u00e1prilis 22.<\/span><\/li>\r\n                <\/ul>\r\n                        <div class=\"desc\"><p style=\"text-align:justify\">A Budapesti Kereskedelmi \u00e9s Iparkamara, valamint a Magyar\u2013Francia Kereskedelmi \u00e9s Iparkamara k\u00f6z\u00f6s szervez\u00e9s\u00e9ben megval\u00f3sul\u00f3, \u201e\u00dczleti lehet\u0151s\u00e9gek Franciaorsz\u00e1gban: hogyan \u00e9rv\u00e9nyes\u00fclj\u00fcnk a francia piacon?\u201d c\u00edm\u0171 rendezv\u00e9ny\u00fcnk c\u00e9lja, hogy gyakorlati \u00e9s naprak\u00e9sz \u00fatmutat\u00e1st ny\u00fajtson a francia piac ir\u00e1nt \u00e9rdekl\u0151d\u0151 hazai v\u00e1llalkoz\u00e1sok sz\u00e1m\u00e1ra.<\/p><\/div>\r\n        <\/div>\r\n    <\/div>\r\n        <\/div>\r\n            <div class=\"col-md-6 inline-col feed-item\">\r\n            <div class=\"clearfix\">\r\n        <div class=\"img\">\r\n            <a  href=\"https:\/\/vmkik.hu\/index.php\/hirek\/ginop-plusz-214-innovacios-tamogatas-akar-600-millio-ft-ig\">\r\n                <img class=\"img-responsive img-center\" src=\"\/uploads\/feed_items\/small-sme-innovation-17768412666918.jpg\" alt=\"GINOP Plusz 2.1.4 \u2013 Innov\u00e1ci\u00f3s t\u00e1mogat\u00e1s ak\u00e1r 600 milli\u00f3 Ft-ig\">\r\n            <\/a>\r\n        <\/div>\r\n        <div class=\"info\">\r\n            <div class=\"title\"><a  href=\"https:\/\/vmkik.hu\/index.php\/hirek\/ginop-plusz-214-innovacios-tamogatas-akar-600-millio-ft-ig\">GINOP Plusz 2.1.4 \u2013 Innov\u00e1ci\u00f3s t\u00e1mogat\u00e1s ak\u00e1r 600 milli\u00f3 Ft-ig<\/a><\/div>\r\n                            <ul class=\"categories\">\r\n                                            <li><a style=\"background: #5c299e; color: #ffffff\" href=\"https:\/\/vmkik.hu\/index.php\/hirek\/hirek\">H\u00edrek<\/a><\/li>\r\n                                            <li><a style=\"background: #299e9e; color: #ffffff\" href=\"https:\/\/vmkik.hu\/index.php\/hirek\/palyazatok\">P\u00e1ly\u00e1zatok<\/a><\/li>\r\n                                        <li><span class=\"public-at\">2026. \u00e1prilis 22.<\/span><\/li>\r\n                <\/ul>\r\n                        <div class=\"desc\"><p>A&nbsp;<strong>GINOP Plusz 2.1.4-25<\/strong>&nbsp;(\u201eKKV innov\u00e1ci\u00f3k piacra vitel\u00e9nek t\u00e1mogat\u00e1sa\u201d) p\u00e1ly\u00e1zat c\u00e9lja a magyar kis- \u00e9s k\u00f6z\u00e9pv\u00e1llalkoz\u00e1sok (KKV) t\u00e1mogat\u00e1sa abban, hogy innovat\u00edv fejleszt\u00e9seiket (term\u00e9keket, technol\u00f3gi\u00e1kat vagy szolg\u00e1ltat\u00e1sokat) sikeresen bevezess\u00e9k a piacra. A p\u00e1ly\u00e1zat bead\u00e1si hat\u00e1rideje 2026. m\u00e1jus 28. 12 \u00f3ra.<\/p><\/div>\r\n        <\/div>\r\n    <\/div>\r\n        <\/div>\r\n            <div class=\"col-md-6 inline-col feed-item\">\r\n            <div class=\"clearfix\">\r\n        <div class=\"img\">\r\n            <a  href=\"https:\/\/vmkik.hu\/index.php\/hirek\/hatartalan-lehetosegek-az-urbol-szombathelyre\">\r\n                <img class=\"img-responsive img-center\" src=\"\/uploads\/feed_items\/small-hunor-1-17768436273031.jpg\" alt=\"Hat\u00e1rtalan lehet\u0151s\u00e9gek \u2013 Az \u0171rb\u0151l Szombathelyre\">\r\n            <\/a>\r\n        <\/div>\r\n        <div class=\"info\">\r\n            <div class=\"title\"><a  href=\"https:\/\/vmkik.hu\/index.php\/hirek\/hatartalan-lehetosegek-az-urbol-szombathelyre\">Hat\u00e1rtalan lehet\u0151s\u00e9gek \u2013 Az \u0171rb\u0151l Szombathelyre<\/a><\/div>\r\n                            <ul class=\"categories\">\r\n                                            <li><a style=\"background: #5c299e; color: #ffffff\" href=\"https:\/\/vmkik.hu\/index.php\/hirek\/hirek\">H\u00edrek<\/a><\/li>\r\n                                            <li><a style=\"background: #9e6f29; color: #ffffff\" href=\"https:\/\/vmkik.hu\/index.php\/hirek\/gazdasagfejlesztes\">Gazdas\u00e1gfejleszt\u00e9s<\/a><\/li>\r\n                                            <li><a style=\"background: #64299e; color: #ffffff\" href=\"https:\/\/vmkik.hu\/index.php\/hirek\/vallalkozo-vagyok\">V\u00e1llalkoz\u00f3 vagyok<\/a><\/li>\r\n                                        <li><span class=\"public-at\">2026. \u00e1prilis 22.<\/span><\/li>\r\n                <\/ul>\r\n                        <div class=\"desc\"><p>A Vas V\u00e1rmegyei Kereskedelmi \u00e9s Iparkamara tisztelettel megh\u00edvja \u00d6nt v\u00e1llalkoz\u00f3i f\u00f3rum\u00e1ra:<\/p>\r\n\r\n<p><strong>Hat\u00e1rtalan lehet\u0151s\u00e9gek \u2013 Az \u0171rb\u0151l Szombathelyre<\/strong><\/p>\r\n\r\n<p>\ud83d\udcc5&nbsp;<strong>Id\u0151pont:<\/strong>&nbsp;2026. \u00e1prilis 28. 13.00 \u00f3ra<br \/>\r\n\ud83d\udccd&nbsp;<strong>Helysz\u00edn:<\/strong>&nbsp;Vas V\u00e1rmegyei Kereskedelmi \u00e9s Iparkamara (9700 Szombathely, Honv\u00e9d t\u00e9r 2.)<\/p><\/div>\r\n        <\/div>\r\n    <\/div>\r\n        <\/div>\r\n            <div class=\"col-md-6 inline-col feed-item\">\r\n            <div class=\"clearfix\">\r\n        <div class=\"img\">\r\n            <a  href=\"https:\/\/vmkik.hu\/index.php\/hirek\/tegye-hatekonyabba-vallalkozasat-gyakorlati-eloadassorozat-indul-szombathelyen\">\r\n                <img class=\"img-responsive img-center\" src=\"\/uploads\/feed_items\/small-digitalis-kepzes-vallalkozoknak-1-17768608763274.jpg\" alt=\"BETELT! - Tegye hat\u00e9konyabb\u00e1 v\u00e1llalkoz\u00e1s\u00e1t!  Gyakorlati el\u0151ad\u00e1ssorozat indul Szombathelyen\">\r\n            <\/a>\r\n        <\/div>\r\n        <div class=\"info\">\r\n            <div class=\"title\"><a  href=\"https:\/\/vmkik.hu\/index.php\/hirek\/tegye-hatekonyabba-vallalkozasat-gyakorlati-eloadassorozat-indul-szombathelyen\">BETELT! - Tegye hat\u00e9konyabb\u00e1 v\u00e1llalkoz\u00e1s\u00e1t!  Gyakorlati el\u0151ad\u00e1ssorozat indul Szombathelyen<\/a><\/div>\r\n                            <ul class=\"categories\">\r\n                                            <li><a style=\"background: #5c299e; color: #ffffff\" href=\"https:\/\/vmkik.hu\/index.php\/hirek\/hirek\">H\u00edrek<\/a><\/li>\r\n                                            <li><a style=\"background: #9e6f29; color: #ffffff\" href=\"https:\/\/vmkik.hu\/index.php\/hirek\/gazdasagfejlesztes\">Gazdas\u00e1gfejleszt\u00e9s<\/a><\/li>\r\n                                            <li><a style=\"background: #64299e; color: #ffffff\" href=\"https:\/\/vmkik.hu\/index.php\/hirek\/vallalkozo-vagyok\">V\u00e1llalkoz\u00f3 vagyok<\/a><\/li>\r\n                                        <li><span class=\"public-at\">2026. \u00e1prilis 21.<\/span><\/li>\r\n                <\/ul>\r\n                        <div class=\"desc\"><p>Szeretn\u00e9 hat\u00e9konyabban \u00e9s magabiztosabban kezelni v\u00e1llalkoz\u00e1sa digit\u00e1lis folyamatait? \u00dagy \u00e9rzi, hogy az adminisztr\u00e1ci\u00f3 t\u00fal sok energi\u00e1t vesz el? Itt az ideje, hogy a digit\u00e1lis eszk\u00f6z\u00f6k val\u00f3ban a munk\u00e1j\u00e1t t\u00e1mogass\u00e1k!<\/p>\r\n\r\n<p>&nbsp;<\/p><\/div>\r\n        <\/div>\r\n    <\/div>\r\n        <\/div>\r\n            <div class=\"col-md-6 inline-col feed-item\">\r\n            <div class=\"clearfix\">\r\n        <div class=\"img\">\r\n            <a  href=\"https:\/\/vmkik.hu\/index.php\/hirek\/az-mkik-kiberbiztonsagi-programja\">\r\n                <img class=\"img-responsive img-center\" src=\"\/uploads\/feed_items\/small-lead-800x450-17767515306799.jpg\" alt=\"Az MKIK Kiberbiztons\u00e1gi Programja\">\r\n            <\/a>\r\n        <\/div>\r\n        <div class=\"info\">\r\n            <div class=\"title\"><a  href=\"https:\/\/vmkik.hu\/index.php\/hirek\/az-mkik-kiberbiztonsagi-programja\">Az MKIK Kiberbiztons\u00e1gi Programja<\/a><\/div>\r\n                            <ul class=\"categories\">\r\n                                            <li><a style=\"background: #5c299e; color: #ffffff\" href=\"https:\/\/vmkik.hu\/index.php\/hirek\/hirek\">H\u00edrek<\/a><\/li>\r\n                                        <li><span class=\"public-at\">2026. \u00e1prilis 21.<\/span><\/li>\r\n                <\/ul>\r\n                        <div class=\"desc\"><p>A Programban folytat\u00f3dik a tavaly elkezdett nagysiker\u0171 tan\u00e1csad\u00e1si tev\u00e9kenys\u00e9g a NIS2 ir\u00e1nyelv \u00e9s a Kiberbiztons\u00e1git\u00f6rv\u00e9ny megfelel\u00e9s\u00e9t illet\u0151en. Ennek keret\u00e9ben a Kamara workshopokkal \u00e9s egy\u00e9ni konzult\u00e1ci\u00f3kkal k\u00e9sz\u00fcl az \u00e9rintettek \u00e9s besz\u00e1ll\u00edt\u00f3ik sz\u00e1m\u00e1ra. Az els\u0151 alkalmak v\u00e1rhat\u00f3an m\u00e1jus v\u00e9g\u00e9n indulnak.<\/p><\/div>\r\n        <\/div>\r\n    <\/div>\r\n        <\/div>\r\n            <div class=\"col-md-6 inline-col feed-item\">\r\n            <div class=\"clearfix\">\r\n        <div class=\"img\">\r\n            <a  href=\"https:\/\/vmkik.hu\/index.php\/hirek\/a-hazai-kkv-szektor-kibervedelmi-kepessegeinek-fejlesztese-palyazat\">\r\n                <img class=\"img-responsive img-center\" src=\"\/uploads\/feed_items\/small-adobestock-scaled-17767512859312.jpg\" alt=\"A hazai KKV szektor kiberv\u00e9delmi k\u00e9pess\u00e9geinek fejleszt\u00e9se p\u00e1ly\u00e1zat\">\r\n            <\/a>\r\n        <\/div>\r\n        <div class=\"info\">\r\n            <div class=\"title\"><a  href=\"https:\/\/vmkik.hu\/index.php\/hirek\/a-hazai-kkv-szektor-kibervedelmi-kepessegeinek-fejlesztese-palyazat\">A hazai KKV szektor kiberv\u00e9delmi k\u00e9pess\u00e9geinek fejleszt\u00e9se p\u00e1ly\u00e1zat<\/a><\/div>\r\n                            <ul class=\"categories\">\r\n                                            <li><a style=\"background: #5c299e; color: #ffffff\" href=\"https:\/\/vmkik.hu\/index.php\/hirek\/hirek\">H\u00edrek<\/a><\/li>\r\n                                            <li><a style=\"background: #299e9e; color: #ffffff\" href=\"https:\/\/vmkik.hu\/index.php\/hirek\/palyazatok\">P\u00e1ly\u00e1zatok<\/a><\/li>\r\n                                        <li><span class=\"public-at\">2026. \u00e1prilis 21.<\/span><\/li>\r\n                <\/ul>\r\n                        <div class=\"desc\"><p>A hazai KKV szektor kiberv\u00e9delmi k\u00e9pess\u00e9geinek fejleszt\u00e9se\u201d c\u00edm\u0171 SSNS-NCC-HU-FSTP-2026 k\u00f3dsz\u00e1m\u00fa k\u00f3dsz\u00e1m\u00fa p\u00e1ly\u00e1zati felh\u00edv\u00e1s t\u00e1mogat\u00e1si k\u00e9relmei 2026. m\u00e1jus. 28. 23 \u00f3ra 59 percig ny\u00fajthat\u00f3k be.<\/p><\/div>\r\n        <\/div>\r\n    <\/div>\r\n        <\/div>\r\n            <div class=\"col-md-6 inline-col feed-item\">\r\n            <div class=\"clearfix\">\r\n        <div class=\"img\">\r\n            <a  href=\"https:\/\/vmkik.hu\/index.php\/hirek\/megujult-az-enterprise-europe-network-hungary-honlap\">\r\n                <img class=\"img-responsive img-center\" src=\"\/uploads\/feed_items\/small-images-17766747174576.png\" alt=\"Meg\u00fajult az Enterprise Europe Network Hungary honlap\">\r\n            <\/a>\r\n        <\/div>\r\n        <div class=\"info\">\r\n            <div class=\"title\"><a  href=\"https:\/\/vmkik.hu\/index.php\/hirek\/megujult-az-enterprise-europe-network-hungary-honlap\">Meg\u00fajult az Enterprise Europe Network Hungary honlap<\/a><\/div>\r\n                            <ul class=\"categories\">\r\n                                            <li><a style=\"background: #5c299e; color: #ffffff\" href=\"https:\/\/vmkik.hu\/index.php\/hirek\/hirek\">H\u00edrek<\/a><\/li>\r\n                                            <li><a style=\"background: #2a299e; color: #ffffff\" href=\"https:\/\/vmkik.hu\/index.php\/hirek\/europe-direct\">Europe Direct<\/a><\/li>\r\n                                        <li><span class=\"public-at\">2026. \u00e1prilis 20.<\/span><\/li>\r\n                <\/ul>\r\n                        <div class=\"desc\"><p>Meg\u00fajult az Enterprise Europe Network Hungary hivatalos weboldala, mely felhaszn\u00e1l\u00f3bar\u00e1t m\u00f3don seg\u00edti a hazai v\u00e1llalkoz\u00e1sokat a nemzetk\u00f6zi piacok fel\u00e9 vezet\u0151 \u00faton.<\/p><\/div>\r\n        <\/div>\r\n    <\/div>\r\n        <\/div>\r\n    <\/div>\r\n\r\n<ul class=\"pagination\">\r\n                    <li class=\"left\"><a href=\"https:\/\/vmkik.hu\/index.php\/api\/feeds\/page?page=2\" rel=\"prev\"><span class=\"icon icon-arrow-flat-left\"><\/span><\/a><\/li>\r\n        \r\n                    \r\n                                                                        <li><a href=\"https:\/\/vmkik.hu\/index.php\/api\/feeds\/page?page=1\">01<\/a><\/li>\r\n                                                                                <li><a href=\"https:\/\/vmkik.hu\/index.php\/api\/feeds\/page?page=2\">02<\/a><\/li>\r\n                                                                                <li class=\"active\"><span>03<\/span><\/li>\r\n                                                                                <li><a href=\"https:\/\/vmkik.hu\/index.php\/api\/feeds\/page?page=4\">04<\/a><\/li>\r\n                                                                                <li><a href=\"https:\/\/vmkik.hu\/index.php\/api\/feeds\/page?page=5\">05<\/a><\/li>\r\n                                                                                <li><a href=\"https:\/\/vmkik.hu\/index.php\/api\/feeds\/page?page=6\">06<\/a><\/li>\r\n                                                                                <li><a href=\"https:\/\/vmkik.hu\/index.php\/api\/feeds\/page?page=7\">07<\/a><\/li>\r\n                                                                                <li><a href=\"https:\/\/vmkik.hu\/index.php\/api\/feeds\/page?page=8\">08<\/a><\/li>\r\n                                                                                    <li class=\"disabled\"><span>...<\/span><\/li>\r\n            \r\n                                \r\n                                                                        <li><a href=\"https:\/\/vmkik.hu\/index.php\/api\/feeds\/page?page=476\">476<\/a><\/li>\r\n                                                                                <li><a href=\"https:\/\/vmkik.hu\/index.php\/api\/feeds\/page?page=477\">477<\/a><\/li>\r\n                                                        \r\n                    <li class=\"right\"><a href=\"https:\/\/vmkik.hu\/index.php\/api\/feeds\/page?page=4\" rel=\"next\"><span class=\"icon icon-arrow-flat-right\"><\/span><\/a><\/li>\r\n            <\/ul>\r\n\r\n","page":"3"}