{"content":"<div class=\"row inline-row\">\r\n                <div class=\"col-md-6 inline-col feed-item\">\r\n            <div class=\"clearfix\">\r\n        <div class=\"img\">\r\n            <a  href=\"https:\/\/vmkik.hu\/index.php\/hirek\/exportfejlesztesi-palyazati-program\">\r\n                <img class=\"img-responsive img-center\" src=\"\/images\/no-feed-item.jpg\" alt=\"Exportfejleszt\u00e9si P\u00e1ly\u00e1zati Program\">\r\n            <\/a>\r\n        <\/div>\r\n        <div class=\"info\">\r\n            <div class=\"title\"><a  href=\"https:\/\/vmkik.hu\/index.php\/hirek\/exportfejlesztesi-palyazati-program\">Exportfejleszt\u00e9si P\u00e1ly\u00e1zati Program<\/a><\/div>\r\n                            <ul class=\"categories\">\r\n                                            <li><a style=\"background: #9e6f29; color: #ffffff\" href=\"https:\/\/vmkik.hu\/index.php\/hirek\/gazdasagfejlesztes\">Gazdas\u00e1gfejleszt\u00e9s<\/a><\/li>\r\n                                            <li><a style=\"background: #299e9e; color: #ffffff\" href=\"https:\/\/vmkik.hu\/index.php\/hirek\/palyazatok\">P\u00e1ly\u00e1zatok<\/a><\/li>\r\n                                        <li><span class=\"public-at\">2020. janu\u00e1r 21.<\/span><\/li>\r\n                <\/ul>\r\n                        <div class=\"desc\"><p>A K\u00fclgazdas\u00e1gi \u00e9s K\u00fcl\u00fcgyminiszt\u00e9rium 2020. janu\u00e1r 15-\u00e9n 200 milli\u00f3 forint keret\u00f6sszeg\u0171 p\u00e1ly\u00e1zatot hirdetett a hazai kis \u00e9s k\u00f6zepes v\u00e1llalkoz\u00e1sok k\u00fclpiaci tev\u00e9kenys\u00e9g\u00e9nek el\u0151mozd\u00edt\u00e1sa \u00e9rdek\u00e9ben k\u00fclf\u00f6ldi ki\u00e1ll\u00edt\u00e1sokon \u00e9s v\u00e1s\u00e1rokon val\u00f3 megjelen\u00e9s, \u00e1rubemutat\u00f3k megszervez\u00e9se, k\u00fclf\u00f6ldi marketing \u00e9s m\u00e1rka\u00e9p\u00edt\u0151 tev\u00e9kenys\u00e9gek t\u00e1mogat\u00e1sa c\u00e9lj\u00e1b\u00f3l. Legfeljebb 60%-os, 1-10 MFt t\u00e1mogat\u00e1s nyerhet\u0151 el a p\u00e1ly\u00e1zat 2020. febru\u00e1r 28-ig t\u00f6rt\u00e9n\u0151 beny\u00fajt\u00e1s\u00e1val.<\/p>\r\n\r\n<p>&nbsp;<\/p><\/div>\r\n        <\/div>\r\n    <\/div>\r\n        <\/div>\r\n            <div class=\"col-md-6 inline-col feed-item\">\r\n            <div class=\"clearfix\">\r\n        <div class=\"img\">\r\n            <a  href=\"https:\/\/vmkik.hu\/index.php\/hirek\/bankszamlaszam-valtozasok-a-nav-nal\">\r\n                <img class=\"img-responsive img-center\" src=\"\/images\/no-feed-item.jpg\" alt=\"Banksz\u00e1mlasz\u00e1m v\u00e1ltoz\u00e1sok a NAV-n\u00e1l!\">\r\n            <\/a>\r\n        <\/div>\r\n        <div class=\"info\">\r\n            <div class=\"title\"><a  href=\"https:\/\/vmkik.hu\/index.php\/hirek\/bankszamlaszam-valtozasok-a-nav-nal\">Banksz\u00e1mlasz\u00e1m v\u00e1ltoz\u00e1sok a NAV-n\u00e1l!<\/a><\/div>\r\n                            <ul class=\"categories\">\r\n                                            <li><a style=\"background: #9e6f29; color: #ffffff\" href=\"https:\/\/vmkik.hu\/index.php\/hirek\/gazdasagfejlesztes\">Gazdas\u00e1gfejleszt\u00e9s<\/a><\/li>\r\n                                        <li><span class=\"public-at\">2020. janu\u00e1r 13.<\/span><\/li>\r\n                <\/ul>\r\n                        <div class=\"desc\"><p>Honlapj\u00e1n tette k\u00f6zz\u00e9&nbsp;a NAV a 2020. janu\u00e1r 1-j\u00e9t\u0151l alkalmazand\u00f3 banksz\u00e1mlasz\u00e1mait.<\/p><\/div>\r\n        <\/div>\r\n    <\/div>\r\n        <\/div>\r\n            <div class=\"col-md-6 inline-col feed-item\">\r\n            <div class=\"clearfix\">\r\n        <div class=\"img\">\r\n            <a  href=\"https:\/\/vmkik.hu\/index.php\/hirek\/szakmai-korokben-versenyeznek-elindult-az-szktv\">\r\n                <img class=\"img-responsive img-center\" src=\"\/uploads\/feed_items\/small-villanyszerelo-vizsga-15789227863547.jpg\" alt=\"Szakmai k\u00f6r\u00f6kben versenyeznek \u2013 Elindult az SZKTV\">\r\n            <\/a>\r\n        <\/div>\r\n        <div class=\"info\">\r\n            <div class=\"title\"><a  href=\"https:\/\/vmkik.hu\/index.php\/hirek\/szakmai-korokben-versenyeznek-elindult-az-szktv\">Szakmai k\u00f6r\u00f6kben versenyeznek \u2013 Elindult az SZKTV<\/a><\/div>\r\n                            <ul class=\"categories\">\r\n                                            <li><a style=\"background: #9e2961; color: #ffffff\" href=\"https:\/\/vmkik.hu\/index.php\/hirek\/uton-a-szakmak-vilagaban\">Szakk\u00e9pz\u00e9s<\/a><\/li>\r\n                                            <li><a style=\"background: #2a299e; color: #ffffff\" href=\"https:\/\/vmkik.hu\/index.php\/hirek\/tanulmanyi-versenyek\">Tanulm\u00e1nyi versenyek<\/a><\/li>\r\n                                        <li><span class=\"public-at\">2020. janu\u00e1r 09.<\/span><\/li>\r\n                <\/ul>\r\n                        <div class=\"desc\"><p style=\"text-align:justify\">Az asztalosnak, \u00e1csnak, villanyszerel\u0151nek tanul\u00f3 k\u00f6z\u00e9piskol\u00e1sok m\u00e1r meg\u00edrt\u00e1k az \u00edr\u00e1sbelit, de a burkol\u00f3, k\u0151m\u0171ves szakmatanul\u00e1sban jelesked\u0151 fiatalok is letett\u00e9k m\u00e1r a tollat az idei Szakma Kiv\u00e1l\u00f3 Tanul\u00f3ja Verseny \u00e9s az Orsz\u00e1gos Szakmai Tanulm\u00e1nyi Verseny el\u0151d\u00f6nt\u0151j\u00e9n. Az orsz\u00e1gszerte h\u00e9tf\u0151 \u00f3ta zajl\u00f3 tud\u00e1spr\u00f3b\u00e1ra 251 f\u0151 jelentkezett Vas megy\u00e9ben, a versenyz\u0151k 33, a gazdas\u00e1gi kamar\u00e1hoz tartoz\u00f3 szakk\u00e9pes\u00edt\u00e9sben mutathatj\u00e1k meg mire k\u00e9pesek leend\u0151 foglalkoz\u00e1sukban. Az \u00edr\u00e1sbeli el\u0151d\u00f6nt\u0151ket a Magyar Kereskedelmi \u00e9s Iparkamara a ter\u00fcleti kamar\u00e1k k\u00f6zrem\u0171k\u00f6d\u00e9s\u00e9vel bonyol\u00edtja le, Szombathelyen janu\u00e1r 22-\u00e9n, a Magyar Kult\u00fara Napj\u00e1n \u00e9r v\u00e9get a verseny els\u0151 fordul\u00f3ja.<\/p><\/div>\r\n        <\/div>\r\n    <\/div>\r\n        <\/div>\r\n            <div class=\"col-md-6 inline-col feed-item\">\r\n            <div class=\"clearfix\">\r\n        <div class=\"img\">\r\n            <a  href=\"https:\/\/vmkik.hu\/index.php\/hirek\/iranytu-a-palyavalasztashoz\">\r\n                <img class=\"img-responsive img-center\" src=\"\/uploads\/feed_items\/small-gyogyszeradagolos-15796138412427.JPG\" alt=\"Ir\u00e1nyt\u0171 a p\u00e1lyav\u00e1laszt\u00e1shoz\">\r\n            <\/a>\r\n        <\/div>\r\n        <div class=\"info\">\r\n            <div class=\"title\"><a  href=\"https:\/\/vmkik.hu\/index.php\/hirek\/iranytu-a-palyavalasztashoz\">Ir\u00e1nyt\u0171 a p\u00e1lyav\u00e1laszt\u00e1shoz<\/a><\/div>\r\n                            <ul class=\"categories\">\r\n                                            <li><a style=\"background: #9e2961; color: #ffffff\" href=\"https:\/\/vmkik.hu\/index.php\/hirek\/uton-a-szakmak-vilagaban\">Szakk\u00e9pz\u00e9s<\/a><\/li>\r\n                                            <li><a style=\"background: #80299e; color: #ffffff\" href=\"https:\/\/vmkik.hu\/index.php\/hirek\/palyaorientacio\">P\u00e1lyaorient\u00e1ci\u00f3<\/a><\/li>\r\n                                        <li><span class=\"public-at\">2019. november 15.<\/span><\/li>\r\n                <\/ul>\r\n                        <div class=\"desc\"><p style=\"text-align:justify\">Akci\u00f3s term\u00e9keket adtak el, sebet k\u00f6t\u00f6ztek, recepci\u00f3sk\u00e9nt igaz\u00edtott\u00e1k el a sz\u00e1lloda vend\u00e9geit a T\u00e1jol\u00f3 Nap r\u00e9sztvev\u0151i. Ez nem egy c\u00e9gben elt\u00f6lt\u00f6tt munkanapr\u00f3l sz\u00f3lt, a ter\u00fcleti kamar\u00e1k \u00e1ltal szervezett program az \u00e1ltal\u00e1nos iskol\u00e1sok egy\u00e9ni k\u00e9pess\u00e9geit m\u00e9ri fel orsz\u00e1gszerte, megmutatja miben teljes\u00edtenek kiemelked\u0151en a gyerekek, milyen az \u00e9rdekl\u0151d\u00e9si k\u00f6r\u00fck, seg\u00edtve ezzel tov\u00e1bbtanul\u00e1ssal kapcsolatos elk\u00e9pzel\u00e9seiket. A projekt a Szombathelyi Tanker\u00fcleti K\u00f6zpont, a Vas Megyei Pedag\u00f3giai Szakszolg\u00e1lat \u00e9s a Vas Megyei Kereskedelmi \u00e9s Iparkamara egy\u00fcttm\u0171k\u00f6d\u00e9s\u00e9vel val\u00f3sult meg.<\/p><\/div>\r\n        <\/div>\r\n    <\/div>\r\n        <\/div>\r\n            <div class=\"col-md-6 inline-col feed-item\">\r\n            <div class=\"clearfix\">\r\n        <div class=\"img\">\r\n            <a  href=\"https:\/\/vmkik.hu\/index.php\/hirek\/vas-megyei-gepjarmuipari-es-elektronikai-szakkepzesi-forum\">\r\n                <img class=\"img-responsive img-center\" src=\"\/images\/no-feed-item.jpg\" alt=\"Vas Megyei G\u00e9pj\u00e1rm\u0171ipari \u00e9s Elektronikai Szakk\u00e9pz\u00e9si F\u00f3rum\">\r\n            <\/a>\r\n        <\/div>\r\n        <div class=\"info\">\r\n            <div class=\"title\"><a  href=\"https:\/\/vmkik.hu\/index.php\/hirek\/vas-megyei-gepjarmuipari-es-elektronikai-szakkepzesi-forum\">Vas Megyei G\u00e9pj\u00e1rm\u0171ipari \u00e9s Elektronikai Szakk\u00e9pz\u00e9si F\u00f3rum<\/a><\/div>\r\n                            <ul class=\"categories\">\r\n                                            <li><a style=\"background: #9e2961; color: #ffffff\" href=\"https:\/\/vmkik.hu\/index.php\/hirek\/uton-a-szakmak-vilagaban\">Szakk\u00e9pz\u00e9s<\/a><\/li>\r\n                                        <li><span class=\"public-at\">2019. okt\u00f3ber 08.<\/span><\/li>\r\n                <\/ul>\r\n                        <div class=\"desc\"><p>A Vas Megyei Kereskedelmi \u00e9s Iparkamara tisztelettel megh\u00edvja \u00d6nt \u00e9s\/vagy munkat\u00e1rs\u00e1t a 2019. okt\u00f3ber 24-\u00e9n (cs\u00fct\u00f6rt\u00f6k) 13:30 \u00f3rakor kezd\u0151d\u0151&nbsp;<strong>\u201eVas Megyei G\u00e9pj\u00e1rm\u0171ipari \u00e9s Elektronikai Szakk\u00e9pz\u00e9si F\u00f3rum<\/strong>\u201d k\u00f6vetkez\u0151 \u00fcl\u00e9s\u00e9re.<\/p><\/div>\r\n        <\/div>\r\n    <\/div>\r\n        <\/div>\r\n            <div class=\"col-md-6 inline-col feed-item\">\r\n            <div class=\"clearfix\">\r\n        <div class=\"img\">\r\n            <a  href=\"https:\/\/vmkik.hu\/index.php\/hirek\/palyaorientacios-forum\">\r\n                <img class=\"img-responsive img-center\" src=\"\/images\/no-feed-item.jpg\" alt=\"P\u00e1lyaorient\u00e1ci\u00f3s F\u00f3rum\">\r\n            <\/a>\r\n        <\/div>\r\n        <div class=\"info\">\r\n            <div class=\"title\"><a  href=\"https:\/\/vmkik.hu\/index.php\/hirek\/palyaorientacios-forum\">P\u00e1lyaorient\u00e1ci\u00f3s F\u00f3rum<\/a><\/div>\r\n                            <ul class=\"categories\">\r\n                                            <li><a style=\"background: #9e2961; color: #ffffff\" href=\"https:\/\/vmkik.hu\/index.php\/hirek\/uton-a-szakmak-vilagaban\">Szakk\u00e9pz\u00e9s<\/a><\/li>\r\n                                        <li><span class=\"public-at\">2019. okt\u00f3ber 08.<\/span><\/li>\r\n                <\/ul>\r\n                        <div class=\"desc\"><p>A Vas Megyei Kereskedelmi \u00e9s Iparkamara \u00e9s a&nbsp;<em>Vas Megyei Szakk\u00e9pz\u00e9si Centrum<\/em>tisztelettel megh\u00edvja \u00d6nt P\u00e1lyaorient\u00e1ci\u00f3s F\u00f3rum rendezv\u00e9ny\u00e9re.<\/p><\/div>\r\n        <\/div>\r\n    <\/div>\r\n        <\/div>\r\n            <div class=\"col-md-6 inline-col feed-item\">\r\n            <div class=\"clearfix\">\r\n        <div class=\"img\">\r\n            <a  href=\"https:\/\/vmkik.hu\/index.php\/hirek\/oszi-adocsomag-javaslat\">\r\n                <img class=\"img-responsive img-center\" src=\"\/images\/no-feed-item.jpg\" alt=\"\u0150szi ad\u00f3csomag javaslat\">\r\n            <\/a>\r\n        <\/div>\r\n        <div class=\"info\">\r\n            <div class=\"title\"><a  href=\"https:\/\/vmkik.hu\/index.php\/hirek\/oszi-adocsomag-javaslat\">\u0150szi ad\u00f3csomag javaslat<\/a><\/div>\r\n                            <ul class=\"categories\">\r\n                                            <li><a style=\"background: #9e6f29; color: #ffffff\" href=\"https:\/\/vmkik.hu\/index.php\/hirek\/gazdasagfejlesztes\">Gazdas\u00e1gfejleszt\u00e9s<\/a><\/li>\r\n                                        <li><span class=\"public-at\">2019. okt\u00f3ber 03.<\/span><\/li>\r\n                <\/ul>\r\n                        <div class=\"desc\"><p><strong>Az \u00d6n v\u00e9lem\u00e9ny\u00e9re is k\u00edv\u00e1ncsiak vagyunk!<\/strong><\/p><\/div>\r\n        <\/div>\r\n    <\/div>\r\n        <\/div>\r\n            <div class=\"col-md-6 inline-col feed-item\">\r\n            <div class=\"clearfix\">\r\n        <div class=\"img\">\r\n            <a  href=\"https:\/\/vmkik.hu\/index.php\/hirek\/indul-az-mkik-gvi-2019-oktoberi-online-konjunktura-felvetele\">\r\n                <img class=\"img-responsive img-center\" src=\"\/images\/no-feed-item.jpg\" alt=\"INDUL AZ MKIK GVI 2019. OKT\u00d3BERI ONLINE KONJUNKT\u00daRA FELV\u00c9TELE\">\r\n            <\/a>\r\n        <\/div>\r\n        <div class=\"info\">\r\n            <div class=\"title\"><a  href=\"https:\/\/vmkik.hu\/index.php\/hirek\/indul-az-mkik-gvi-2019-oktoberi-online-konjunktura-felvetele\">INDUL AZ MKIK GVI 2019. OKT\u00d3BERI ONLINE KONJUNKT\u00daRA FELV\u00c9TELE<\/a><\/div>\r\n                            <ul class=\"categories\">\r\n                                            <li><a style=\"background: #9e6f29; color: #ffffff\" href=\"https:\/\/vmkik.hu\/index.php\/hirek\/gazdasagfejlesztes\">Gazdas\u00e1gfejleszt\u00e9s<\/a><\/li>\r\n                                        <li><span class=\"public-at\">2019. okt\u00f3ber 01.<\/span><\/li>\r\n                <\/ul>\r\n                        <div class=\"desc\"><p>A Magyar Kereskedelmi \u00e9s Iparkamara Gazdas\u00e1g- \u00e9s V\u00e1llalkoz\u00e1skutat\u00f3 Nonprofit Kft. (MKIK GVI) 1998 \u00f3ta \u00e9vente k\u00e9tszer rendszeresen felm\u00e9ri a magyar v\u00e1llalkoz\u00e1sok \u00fczleti helyzet\u00e9t \u00e9s v\u00e1rakoz\u00e1sait.<\/p><\/div>\r\n        <\/div>\r\n    <\/div>\r\n        <\/div>\r\n    <\/div>\r\n\r\n<ul class=\"pagination\">\r\n                    <li class=\"left\"><a href=\"https:\/\/vmkik.hu\/index.php\/api\/feeds\/page?page=475\" rel=\"prev\"><span class=\"icon icon-arrow-flat-left\"><\/span><\/a><\/li>\r\n        \r\n                    \r\n                                                                        <li><a href=\"https:\/\/vmkik.hu\/index.php\/api\/feeds\/page?page=1\">01<\/a><\/li>\r\n                                                                                <li><a href=\"https:\/\/vmkik.hu\/index.php\/api\/feeds\/page?page=2\">02<\/a><\/li>\r\n                                                                                    <li class=\"disabled\"><span>...<\/span><\/li>\r\n            \r\n                                \r\n                                                                        <li><a href=\"https:\/\/vmkik.hu\/index.php\/api\/feeds\/page?page=469\">469<\/a><\/li>\r\n                                                                                <li><a href=\"https:\/\/vmkik.hu\/index.php\/api\/feeds\/page?page=470\">470<\/a><\/li>\r\n                                                                                <li><a href=\"https:\/\/vmkik.hu\/index.php\/api\/feeds\/page?page=471\">471<\/a><\/li>\r\n                                                                                <li><a href=\"https:\/\/vmkik.hu\/index.php\/api\/feeds\/page?page=472\">472<\/a><\/li>\r\n                                                                                <li><a href=\"https:\/\/vmkik.hu\/index.php\/api\/feeds\/page?page=473\">473<\/a><\/li>\r\n                                                                                <li><a href=\"https:\/\/vmkik.hu\/index.php\/api\/feeds\/page?page=474\">474<\/a><\/li>\r\n                                                                                <li><a href=\"https:\/\/vmkik.hu\/index.php\/api\/feeds\/page?page=475\">475<\/a><\/li>\r\n                                                                                <li class=\"active\"><span>476<\/span><\/li>\r\n                                                                                <li><a href=\"https:\/\/vmkik.hu\/index.php\/api\/feeds\/page?page=477\">477<\/a><\/li>\r\n                                                        \r\n                    <li class=\"right\"><a href=\"https:\/\/vmkik.hu\/index.php\/api\/feeds\/page?page=477\" rel=\"next\"><span class=\"icon icon-arrow-flat-right\"><\/span><\/a><\/li>\r\n            <\/ul>\r\n\r\n","page":"476"}