{"content":"<div class=\"row inline-row\">\r\n                <div class=\"col-md-6 inline-col feed-item\">\r\n            <div class=\"clearfix\">\r\n        <div class=\"img\">\r\n            <a  href=\"https:\/\/vmkik.hu\/index.php\/hirek\/elindult-a-greentech-plus-projekt\">\r\n                <img class=\"img-responsive img-center\" src=\"\/uploads\/feed_items\/small-letoeltes-1-17761604461428.jpg\" alt=\"Elindult a GreenTech Plus projekt!\">\r\n            <\/a>\r\n        <\/div>\r\n        <div class=\"info\">\r\n            <div class=\"title\"><a  href=\"https:\/\/vmkik.hu\/index.php\/hirek\/elindult-a-greentech-plus-projekt\">Elindult a GreenTech Plus projekt!<\/a><\/div>\r\n                            <ul class=\"categories\">\r\n                                            <li><a style=\"background: #5c299e; color: #ffffff\" href=\"https:\/\/vmkik.hu\/index.php\/hirek\/hirek\">H\u00edrek<\/a><\/li>\r\n                                        <li><span class=\"public-at\">2026. \u00e1prilis 14.<\/span><\/li>\r\n                <\/ul>\r\n                        <div class=\"desc\"><p>Egy \u00faj, hat\u00e1ron \u00e1tny\u00fal\u00f3 egy\u00fcttm\u0171k\u00f6d\u00e9s veszi kezdet\u00e9t a z\u00f6ldebb \u00e9s digit\u00e1lisan fejlettebb j\u00f6v\u0151 \u00e9rdek\u00e9ben. A 2021\u20132027-es Interreg VI-A Ausztria\u2013Magyarorsz\u00e1g program keret\u00e9ben megval\u00f3sul\u00f3 GreenTech Plus projekt (ATHU-0100133) c\u00e9lja, hogy el\u0151seg\u00edtse a r\u00e9gi\u00f3 z\u00f6ld \u00e9s digit\u00e1lis \u00e1tmenet\u00e9t, valamint er\u0151s\u00edtse a hat\u00e1rmenti t\u00e9rs\u00e9gek alkalmazkod\u00f3k\u00e9pess\u00e9g\u00e9t a kl\u00edmav\u00e1ltoz\u00e1ssal szemben.<\/p><\/div>\r\n        <\/div>\r\n    <\/div>\r\n        <\/div>\r\n            <div class=\"col-md-6 inline-col feed-item\">\r\n            <div class=\"clearfix\">\r\n        <div class=\"img\">\r\n            <a  href=\"https:\/\/vmkik.hu\/index.php\/hirek\/fokuszban-a-varmegyek-2025-i-iv-negyedev\">\r\n                <img class=\"img-responsive img-center\" src=\"\/uploads\/feed_items\/small-ksh-logo-17761542036642.jpg\" alt=\"F\u00f3kuszban a v\u00e1rmegy\u00e9k \u2013 2025. I-IV. negyed\u00e9v\">\r\n            <\/a>\r\n        <\/div>\r\n        <div class=\"info\">\r\n            <div class=\"title\"><a  href=\"https:\/\/vmkik.hu\/index.php\/hirek\/fokuszban-a-varmegyek-2025-i-iv-negyedev\">F\u00f3kuszban a v\u00e1rmegy\u00e9k \u2013 2025. I-IV. negyed\u00e9v<\/a><\/div>\r\n                            <ul class=\"categories\">\r\n                                            <li><a style=\"background: #5c299e; color: #ffffff\" href=\"https:\/\/vmkik.hu\/index.php\/hirek\/hirek\">H\u00edrek<\/a><\/li>\r\n                                        <li><span class=\"public-at\">2026. \u00e1prilis 14.<\/span><\/li>\r\n                <\/ul>\r\n                        <div class=\"desc\"><p>Megjelent a <em>F\u00f3kuszban a v\u00e1rmegy\u00e9k, 2025. I-IV. negyed\u00e9v<\/em> c\u00edm\u0171 KSHkiadv\u00e1ny. A t\u00e9rs\u00e9gi \u00f6sszehasonl\u00edt\u00e1sban t\u00f6bbek k\u00f6z\u00f6tt a munkan\u00e9lk\u00fclis\u00e9gi \u00e9s foglalkoztat\u00e1si r\u00e1ta,havi nett\u00f3 \u00e1tlagkereset, egy lakosra jut\u00f3 ipari termel\u00e9s adatait vizsg\u00e1lj\u00e1k.<\/p><\/div>\r\n        <\/div>\r\n    <\/div>\r\n        <\/div>\r\n            <div class=\"col-md-6 inline-col feed-item\">\r\n            <div class=\"clearfix\">\r\n        <div class=\"img\">\r\n            <a  href=\"https:\/\/vmkik.hu\/index.php\/hirek\/egyszerusodik-az-esg-adatszolgaltatas\">\r\n                <img class=\"img-responsive img-center\" src=\"\/uploads\/feed_items\/small-esg-adobestock-17761537193581.jpg\" alt=\"Egyszer\u0171s\u00f6dik az ESG adatszolg\u00e1ltat\u00e1s\">\r\n            <\/a>\r\n        <\/div>\r\n        <div class=\"info\">\r\n            <div class=\"title\"><a  href=\"https:\/\/vmkik.hu\/index.php\/hirek\/egyszerusodik-az-esg-adatszolgaltatas\">Egyszer\u0171s\u00f6dik az ESG adatszolg\u00e1ltat\u00e1s<\/a><\/div>\r\n                            <ul class=\"categories\">\r\n                                            <li><a style=\"background: #5c299e; color: #ffffff\" href=\"https:\/\/vmkik.hu\/index.php\/hirek\/hirek\">H\u00edrek<\/a><\/li>\r\n                                        <li><span class=\"public-at\">2026. \u00e1prilis 14.<\/span><\/li>\r\n                <\/ul>\r\n                        <div class=\"desc\"><p>Az ESG t\u00f6rv\u00e9nyben szerepl\u0151 k\u00e9rd\u0151\u00edv beny\u00fajt\u00e1si k\u00f6telezetts\u00e9g m\u00f3dja egyszer\u0171s\u00f6dik le a Szab\u00e1lyozott Tev\u00e9kenys\u00e9gek Fel\u00fcgyeleti Hat\u00f3s\u00e1ga (SZTFH) ESG Igazgat\u00f3s\u00e1g\u00e1nak <a href=\"https:\/\/sztfh.hu\/tevekenysegek\/esg-hatosagi-tevekenyseg\/esg-kerdoivek-benyujtasa\/\" style=\"box-sizing:border-box; text-decoration-line:none\">k\u00f6zlem\u00e9nye<\/a> alapj\u00e1n, \u00edgy gyorsabb\u00e1 v\u00e1lik az adatszolg\u00e1ltat\u00e1s \u00e9s kevesebb adminisztr\u00e1ci\u00f3val kell sz\u00e1molnia a c\u00e9geknek.<\/p><\/div>\r\n        <\/div>\r\n    <\/div>\r\n        <\/div>\r\n            <div class=\"col-md-6 inline-col feed-item\">\r\n            <div class=\"clearfix\">\r\n        <div class=\"img\">\r\n            <a  href=\"https:\/\/vmkik.hu\/index.php\/hirek\/az-europai-parlament-ep-nagy-tobbseggel-elfogadta-az-mi-szabalyozas-egyszerusiteset-celzo-javaslatot\">\r\n                <img class=\"img-responsive img-center\" src=\"\/uploads\/feed_items\/small-mesterseges-intelligencia-uezleti-iskola-17760704291081.jpg\" alt=\"Az Eur\u00f3pai Parlament (EP) nagy t\u00f6bbs\u00e9ggel elfogadta az MI-szab\u00e1lyoz\u00e1s egyszer\u0171s\u00edt\u00e9s\u00e9t c\u00e9lz\u00f3 javaslatot\">\r\n            <\/a>\r\n        <\/div>\r\n        <div class=\"info\">\r\n            <div class=\"title\"><a  href=\"https:\/\/vmkik.hu\/index.php\/hirek\/az-europai-parlament-ep-nagy-tobbseggel-elfogadta-az-mi-szabalyozas-egyszerusiteset-celzo-javaslatot\">Az Eur\u00f3pai Parlament (EP) nagy t\u00f6bbs\u00e9ggel elfogadta az MI-szab\u00e1lyoz\u00e1s egyszer\u0171s\u00edt\u00e9s\u00e9t c\u00e9lz\u00f3 javaslatot<\/a><\/div>\r\n                            <ul class=\"categories\">\r\n                                            <li><a style=\"background: #5c299e; color: #ffffff\" href=\"https:\/\/vmkik.hu\/index.php\/hirek\/hirek\">H\u00edrek<\/a><\/li>\r\n                                            <li><a style=\"background: #2a299e; color: #ffffff\" href=\"https:\/\/vmkik.hu\/index.php\/hirek\/europe-direct\">Europe Direct<\/a><\/li>\r\n                                        <li><span class=\"public-at\">2026. \u00e1prilis 14.<\/span><\/li>\r\n                <\/ul>\r\n                        <div class=\"desc\"><p style=\"text-align:justify\"><strong>Az Eur\u00f3pai Parlament (EP) <a href=\"https:\/\/www.europarl.europa.eu\/news\/hu\/press-room\/20260323IPR38829\/artificial-intelligence-act-delayed-application-ban-on-nudifier-apps\" target=\"_blank\">2026. m\u00e1rcius 26-\u00e1n jelent\u0151s t\u00f6bbs\u00e9ggel elfogadta a mesters\u00e9ges intelligenci\u00e1r\u00f3l sz\u00f3l\u00f3 uni\u00f3s rendelet (AI Act) m\u00f3dos\u00edt\u00e1s\u00e1ra ir\u00e1nyul\u00f3 javaslat\u00e1t<\/a>. <\/strong><\/p><\/div>\r\n        <\/div>\r\n    <\/div>\r\n        <\/div>\r\n            <div class=\"col-md-6 inline-col feed-item\">\r\n            <div class=\"clearfix\">\r\n        <div class=\"img\">\r\n            <a  href=\"https:\/\/vmkik.hu\/index.php\/hirek\/palyazat-munkaltatok-egeszsegtudatossaganak-fejlesztesere\">\r\n                <img class=\"img-responsive img-center\" src=\"\/uploads\/feed_items\/small-egeszsegugy-17760701524873.jpg\" alt=\"P\u00e1ly\u00e1zat munk\u00e1ltat\u00f3k eg\u00e9szs\u00e9gtudatoss\u00e1g\u00e1nak fejleszt\u00e9s\u00e9re\">\r\n            <\/a>\r\n        <\/div>\r\n        <div class=\"info\">\r\n            <div class=\"title\"><a  href=\"https:\/\/vmkik.hu\/index.php\/hirek\/palyazat-munkaltatok-egeszsegtudatossaganak-fejlesztesere\">P\u00e1ly\u00e1zat munk\u00e1ltat\u00f3k eg\u00e9szs\u00e9gtudatoss\u00e1g\u00e1nak fejleszt\u00e9s\u00e9re<\/a><\/div>\r\n                            <ul class=\"categories\">\r\n                                            <li><a style=\"background: #5c299e; color: #ffffff\" href=\"https:\/\/vmkik.hu\/index.php\/hirek\/hirek\">H\u00edrek<\/a><\/li>\r\n                                            <li><a style=\"background: #299e9e; color: #ffffff\" href=\"https:\/\/vmkik.hu\/index.php\/hirek\/palyazatok\">P\u00e1ly\u00e1zatok<\/a><\/li>\r\n                                        <li><span class=\"public-at\">2026. \u00e1prilis 13.<\/span><\/li>\r\n                <\/ul>\r\n                        <div class=\"desc\"><p>A program c\u00e9lja a munkav\u00e1llal\u00f3k eg\u00e9szs\u00e9gi \u00e1llapot\u00e1nak meg\u0151rz\u00e9se \u00e9s jav\u00edt\u00e1sa szervezett eg\u00e9szs\u00e9g\u00fcgyi sz\u0171r\u00e9sek \u00e9s ment\u00e1lhigi\u00e9n\u00e9s szolg\u00e1ltat\u00e1sok biztos\u00edt\u00e1s\u00e1val.<\/p><\/div>\r\n        <\/div>\r\n    <\/div>\r\n        <\/div>\r\n            <div class=\"col-md-6 inline-col feed-item\">\r\n            <div class=\"clearfix\">\r\n        <div class=\"img\">\r\n            <a  href=\"https:\/\/vmkik.hu\/index.php\/hirek\/europa-turisztikai-fovarosa-2027-elindult-a-palyazat\">\r\n                <img class=\"img-responsive img-center\" src=\"\/uploads\/feed_items\/small-maxmann-hike-17760692640129.jpg\" alt=\"Eur\u00f3pa Turisztikai F\u0151v\u00e1rosa 2027: elindult a p\u00e1ly\u00e1zat\">\r\n            <\/a>\r\n        <\/div>\r\n        <div class=\"info\">\r\n            <div class=\"title\"><a  href=\"https:\/\/vmkik.hu\/index.php\/hirek\/europa-turisztikai-fovarosa-2027-elindult-a-palyazat\">Eur\u00f3pa Turisztikai F\u0151v\u00e1rosa 2027: elindult a p\u00e1ly\u00e1zat<\/a><\/div>\r\n                            <ul class=\"categories\">\r\n                                            <li><a style=\"background: #5c299e; color: #ffffff\" href=\"https:\/\/vmkik.hu\/index.php\/hirek\/hirek\">H\u00edrek<\/a><\/li>\r\n                                            <li><a style=\"background: #2a299e; color: #ffffff\" href=\"https:\/\/vmkik.hu\/index.php\/hirek\/europe-direct\">Europe Direct<\/a><\/li>\r\n                                            <li><a style=\"background: #299e9e; color: #ffffff\" href=\"https:\/\/vmkik.hu\/index.php\/hirek\/palyazatok\">P\u00e1ly\u00e1zatok<\/a><\/li>\r\n                                        <li><span class=\"public-at\">2026. \u00e1prilis 13.<\/span><\/li>\r\n                <\/ul>\r\n                        <div class=\"desc\"><p>Az Eur\u00f3pai Bizotts\u00e1g elind\u00edtotta az&nbsp;Eur\u00f3pa turisztikai f\u0151v\u00e1rosai&nbsp;kezdem\u00e9nyez\u00e9s 2027. \u00e9vi verseny\u00e9t.&nbsp;V\u00e1rj\u00e1k azon eur\u00f3pai \u00fatic\u00e9lok jelentkez\u00e9s\u00e9t, amelyek az okos \u00e9s fenntarthat\u00f3 turizmus innovat\u00edv gyakorlataival szeretn\u00e9nek p\u00e9ld\u00e1t mutatni az eur\u00f3pai turizmusban.<\/p><\/div>\r\n        <\/div>\r\n    <\/div>\r\n        <\/div>\r\n            <div class=\"col-md-6 inline-col feed-item\">\r\n            <div class=\"clearfix\">\r\n        <div class=\"img\">\r\n            <a  href=\"https:\/\/vmkik.hu\/index.php\/hirek\/turizmusfejlesztesi-hozzajarulas-kozeleg-a-befizetes-hatarideje\">\r\n                <img class=\"img-responsive img-center\" src=\"\/uploads\/feed_items\/small-vendeglatas3-17760680026466.jpg\" alt=\"Turizmusfejleszt\u00e9si hozz\u00e1j\u00e1rul\u00e1s -k\u00f6zeleg a befizet\u00e9s hat\u00e1rideje!\">\r\n            <\/a>\r\n        <\/div>\r\n        <div class=\"info\">\r\n            <div class=\"title\"><a  href=\"https:\/\/vmkik.hu\/index.php\/hirek\/turizmusfejlesztesi-hozzajarulas-kozeleg-a-befizetes-hatarideje\">Turizmusfejleszt\u00e9si hozz\u00e1j\u00e1rul\u00e1s -k\u00f6zeleg a befizet\u00e9s hat\u00e1rideje!<\/a><\/div>\r\n                            <ul class=\"categories\">\r\n                                            <li><a style=\"background: #5c299e; color: #ffffff\" href=\"https:\/\/vmkik.hu\/index.php\/hirek\/hirek\">H\u00edrek<\/a><\/li>\r\n                                        <li><span class=\"public-at\">2026. \u00e1prilis 13.<\/span><\/li>\r\n                <\/ul>\r\n                        <div class=\"desc\"><p>\u00c1prilis 20-ig kell befizetnie a turizmusfejleszt\u00e9si hozz\u00e1j\u00e1rul\u00e1st az erre k\u00f6telezetteknek. A NAV lev\u00e9lben \u00e9rtes\u00edti azokat, akik online sz\u00e1mlaadataik, p\u00e9nzt\u00e1rg\u00e9padataik \u00e9s a Nemzeti Turisztikai Adatszolg\u00e1ltat\u00f3 K\u00f6zpontnak (NTAK) k\u00fcld\u00f6tt adatok alapj\u00e1n, idei forgalmuk ut\u00e1n \u00e9rintettek lehetnek.<\/p><\/div>\r\n        <\/div>\r\n    <\/div>\r\n        <\/div>\r\n            <div class=\"col-md-6 inline-col feed-item\">\r\n            <div class=\"clearfix\">\r\n        <div class=\"img\">\r\n            <a  href=\"https:\/\/vmkik.hu\/index.php\/hirek\/del-alfoldi-beszallitoi-forum\">\r\n                <img class=\"img-responsive img-center\" src=\"\/uploads\/feed_items\/small-letoeltes-2-17761605621825.jpg\" alt=\"D\u00e9l-alf\u00f6ldi Besz\u00e1ll\u00edt\u00f3i F\u00f3rum\">\r\n            <\/a>\r\n        <\/div>\r\n        <div class=\"info\">\r\n            <div class=\"title\"><a  href=\"https:\/\/vmkik.hu\/index.php\/hirek\/del-alfoldi-beszallitoi-forum\">D\u00e9l-alf\u00f6ldi Besz\u00e1ll\u00edt\u00f3i F\u00f3rum<\/a><\/div>\r\n                            <ul class=\"categories\">\r\n                                            <li><a style=\"background: #5c299e; color: #ffffff\" href=\"https:\/\/vmkik.hu\/index.php\/hirek\/hirek\">H\u00edrek<\/a><\/li>\r\n                                            <li><a style=\"background: #9e6f29; color: #ffffff\" href=\"https:\/\/vmkik.hu\/index.php\/hirek\/gazdasagfejlesztes\">Gazdas\u00e1gfejleszt\u00e9s<\/a><\/li>\r\n                                            <li><a style=\"background: #8f9e29; color: #ffffff\" href=\"https:\/\/vmkik.hu\/index.php\/hirek\/vallalkozasfejlesztesi-projekt\">V\u00e1llalkoz\u00e1sfejleszt\u00e9si projekt<\/a><\/li>\r\n                                        <li><span class=\"public-at\">2026. \u00e1prilis 13.<\/span><\/li>\r\n                <\/ul>\r\n                        <div class=\"desc\"><p>A&nbsp;Magyar Kereskedelmi \u00e9s Iparkamara&nbsp;\u00e1ltal t\u00e1mogatott&nbsp;V\u00e1llalkoz\u00e1sfejleszt\u00e9si Program&nbsp;r\u00e9szek\u00e9nt a&nbsp;hazai kamarai h\u00e1l\u00f3zat&nbsp;id\u00e9n tavasszal \u00fajabb&nbsp;Orsz\u00e1gos Kamarai Besz\u00e1ll\u00edt\u00f3i Programot&nbsp;val\u00f3s\u00edt meg.&nbsp;<em><strong>A&nbsp;7 r\u00e9gi\u00f3s rendezv\u00e9nyb\u0151l \u00e1ll\u00f3 programsorozat&nbsp;egyes rendezv\u00e9nyein \u00d6n besz\u00e1ll\u00edt\u00f3k\u00e9nt \u00faj piacokat tal\u00e1lhat az egyes r\u00e9gi\u00f3k nagyv\u00e1llalatain\u00e1l!<\/strong><\/em><\/p><\/div>\r\n        <\/div>\r\n    <\/div>\r\n        <\/div>\r\n    <\/div>\r\n\r\n<ul class=\"pagination\">\r\n                    <li class=\"left\"><a href=\"https:\/\/vmkik.hu\/index.php\/api\/feeds\/page?page=4\" rel=\"prev\"><span class=\"icon icon-arrow-flat-left\"><\/span><\/a><\/li>\r\n        \r\n                    \r\n                                                                        <li><a href=\"https:\/\/vmkik.hu\/index.php\/api\/feeds\/page?page=1\">01<\/a><\/li>\r\n                                                                                <li><a href=\"https:\/\/vmkik.hu\/index.php\/api\/feeds\/page?page=2\">02<\/a><\/li>\r\n                                                                                <li><a href=\"https:\/\/vmkik.hu\/index.php\/api\/feeds\/page?page=3\">03<\/a><\/li>\r\n                                                                                <li><a href=\"https:\/\/vmkik.hu\/index.php\/api\/feeds\/page?page=4\">04<\/a><\/li>\r\n                                                                                <li class=\"active\"><span>05<\/span><\/li>\r\n                                                                                <li><a href=\"https:\/\/vmkik.hu\/index.php\/api\/feeds\/page?page=6\">06<\/a><\/li>\r\n                                                                                <li><a href=\"https:\/\/vmkik.hu\/index.php\/api\/feeds\/page?page=7\">07<\/a><\/li>\r\n                                                                                <li><a href=\"https:\/\/vmkik.hu\/index.php\/api\/feeds\/page?page=8\">08<\/a><\/li>\r\n                                                                                    <li class=\"disabled\"><span>...<\/span><\/li>\r\n            \r\n                                \r\n                                                                        <li><a href=\"https:\/\/vmkik.hu\/index.php\/api\/feeds\/page?page=476\">476<\/a><\/li>\r\n                                                                                <li><a href=\"https:\/\/vmkik.hu\/index.php\/api\/feeds\/page?page=477\">477<\/a><\/li>\r\n                                                        \r\n                    <li class=\"right\"><a href=\"https:\/\/vmkik.hu\/index.php\/api\/feeds\/page?page=6\" rel=\"next\"><span class=\"icon icon-arrow-flat-right\"><\/span><\/a><\/li>\r\n            <\/ul>\r\n\r\n","page":"5"}