{"content":"<div class=\"row inline-row\">\r\n                <div class=\"col-md-6 inline-col feed-item\">\r\n            <div class=\"clearfix\">\r\n        <div class=\"img\">\r\n            <a  href=\"https:\/\/vmkik.hu\/index.php\/hirek\/kornyezeti-es-energiahatekonysagi-tamogatasok-kehop-plusz\">\r\n                <img class=\"img-responsive img-center\" src=\"\/uploads\/feed_items\/small-lakossagi-energiahatekonysagi-palyazat-2023-2027-17760605058337.jpg\" alt=\"K\u00f6rnyezeti \u00e9s Energiahat\u00e9konys\u00e1gi t\u00e1mogat\u00e1sok (KEHOP Plusz)\">\r\n            <\/a>\r\n        <\/div>\r\n        <div class=\"info\">\r\n            <div class=\"title\"><a  href=\"https:\/\/vmkik.hu\/index.php\/hirek\/kornyezeti-es-energiahatekonysagi-tamogatasok-kehop-plusz\">K\u00f6rnyezeti \u00e9s Energiahat\u00e9konys\u00e1gi t\u00e1mogat\u00e1sok (KEHOP Plusz)<\/a><\/div>\r\n                            <ul class=\"categories\">\r\n                                            <li><a style=\"background: #5c299e; color: #ffffff\" href=\"https:\/\/vmkik.hu\/index.php\/hirek\/hirek\">H\u00edrek<\/a><\/li>\r\n                                            <li><a style=\"background: #299e9e; color: #ffffff\" href=\"https:\/\/vmkik.hu\/index.php\/hirek\/palyazatok\">P\u00e1ly\u00e1zatok<\/a><\/li>\r\n                                        <li><span class=\"public-at\">2026. \u00e1prilis 13.<\/span><\/li>\r\n                <\/ul>\r\n                        <div class=\"desc\"><p>A KEHOP Plusz (K\u00f6rnyezeti \u00e9s Energiahat\u00e9konys\u00e1gi Operat\u00edv Program Plusz) keret\u00e9ben 2025-t\u0151l indul\u00f3 p\u00e1ly\u00e1zatok (pl. KEHOP_Plusz-4.1.7-24 \u00e9s 4.1.8-24) c\u00e9lja a lakoss\u00e1gi energiahat\u00e9konys\u00e1g n\u00f6vel\u00e9se. A program 95%-os t\u00e1mogat\u00e1si intenzit\u00e1st, 2,5-10 milli\u00f3 Ft k\u00f6z\u00f6tti \u00f6sszeget k\u00edn\u00e1l, 2027-ig, k\u00fcl\u00f6n\u00f6sen a vid\u00e9ki, kev\u00e9sb\u00e9 fejlett r\u00e9gi\u00f3kra f\u00f3kusz\u00e1lva. Most az al\u00e1bbi t\u00e1mogat\u00e1si lehet\u0151s\u00e9gekre h\u00edvjuk fel figyelm\u00fcket!<\/p><\/div>\r\n        <\/div>\r\n    <\/div>\r\n        <\/div>\r\n            <div class=\"col-md-6 inline-col feed-item\">\r\n            <div class=\"clearfix\">\r\n        <div class=\"img\">\r\n            <a  href=\"https:\/\/vmkik.hu\/index.php\/hirek\/ai-a-vallalkozasok-szolgalataban\">\r\n                <img class=\"img-responsive img-center\" src=\"\/uploads\/feed_items\/small-letoeltes-17761603831931.jpg\" alt=\"BETELT A L\u00c9TSZ\u00c1M! AI a v\u00e1llalkoz\u00e1sok szolg\u00e1lat\u00e1ban\">\r\n            <\/a>\r\n        <\/div>\r\n        <div class=\"info\">\r\n            <div class=\"title\"><a  href=\"https:\/\/vmkik.hu\/index.php\/hirek\/ai-a-vallalkozasok-szolgalataban\">BETELT A L\u00c9TSZ\u00c1M! AI a v\u00e1llalkoz\u00e1sok szolg\u00e1lat\u00e1ban<\/a><\/div>\r\n                            <ul class=\"categories\">\r\n                                            <li><a style=\"background: #5c299e; color: #ffffff\" href=\"https:\/\/vmkik.hu\/index.php\/hirek\/hirek\">H\u00edrek<\/a><\/li>\r\n                                        <li><span class=\"public-at\">2026. \u00e1prilis 10.<\/span><\/li>\r\n                <\/ul>\r\n                        <div class=\"desc\"><p>A mesters\u00e9ges intelligencia alapjaiban form\u00e1lja \u00e1t a v\u00e1llalati m\u0171k\u00f6d\u00e9st, ez\u00e9rt fontos, hogy v\u00e1llalkoz\u00e1sa&nbsp;<strong>re\u00e1lis k\u00e9pet&nbsp;<\/strong>kapjon<strong>&nbsp;<\/strong>az AI mikro-, kis- \u00e9s k\u00f6z\u00e9pv\u00e1llalkoz\u00e1sokban bet\u00f6lt\u00f6tt szerep\u00e9r\u0151l.&nbsp;<strong>2026-ban az AI m\u00e1r nem a j\u00f6v\u0151, hanem a jelen versenyel\u0151nye.<\/strong>&nbsp;El\u0151ad\u00e1sunkb\u00f3l megtudhatja, hogy hogyan ford\u00edthatja a technol\u00f3gi\u00e1t saj\u00e1t v\u00e1llalkoz\u00e1sa jav\u00e1ra \u2013 \u00e9rthet\u0151en, sallangmentesen, KKV-kra szabva.<\/p><\/div>\r\n        <\/div>\r\n    <\/div>\r\n        <\/div>\r\n            <div class=\"col-md-6 inline-col feed-item\">\r\n            <div class=\"clearfix\">\r\n        <div class=\"img\">\r\n            <a  href=\"https:\/\/vmkik.hu\/index.php\/hirek\/uj-szakertoket-varunk-a-dualis-kepzohelyek-minositesehez\">\r\n                <img class=\"img-responsive img-center\" src=\"\/uploads\/feed_items\/small-uj-szakertoket-varunk-web-fb-1776061226742.jpg\" alt=\"\u00daj szak\u00e9rt\u0151ket v\u00e1runk a du\u00e1lis k\u00e9pz\u0151helyek min\u0151s\u00edt\u00e9s\u00e9hez\">\r\n            <\/a>\r\n        <\/div>\r\n        <div class=\"info\">\r\n            <div class=\"title\"><a  href=\"https:\/\/vmkik.hu\/index.php\/hirek\/uj-szakertoket-varunk-a-dualis-kepzohelyek-minositesehez\">\u00daj szak\u00e9rt\u0151ket v\u00e1runk a du\u00e1lis k\u00e9pz\u0151helyek min\u0151s\u00edt\u00e9s\u00e9hez<\/a><\/div>\r\n                            <ul class=\"categories\">\r\n                                            <li><a style=\"background: #9e2961; color: #ffffff\" href=\"https:\/\/vmkik.hu\/index.php\/hirek\/uton-a-szakmak-vilagaban\">Szakk\u00e9pz\u00e9s<\/a><\/li>\r\n                                            <li><a style=\"background: #5c299e; color: #ffffff\" href=\"https:\/\/vmkik.hu\/index.php\/hirek\/hirek\">H\u00edrek<\/a><\/li>\r\n                                        <li><span class=\"public-at\">2026. \u00e1prilis 09.<\/span><\/li>\r\n                <\/ul>\r\n                        <div class=\"desc\"><p style=\"text-align:justify\">Szakmai tapasztalat\u00e1t most a szakk\u00e9pz\u00e9s szolg\u00e1lat\u00e1ba \u00e1ll\u00edthatja.&nbsp;A Vas V\u00e1rmegyei Kereskedelmi \u00e9s Iparkamara p\u00e1ly\u00e1zatot hirdet a k\u00e9pz\u0151hely-ellen\u0151rz\u00e9si szak\u00e9rt\u0151i n\u00e9vjegyz\u00e9k b\u0151v\u00edt\u00e9s\u00e9re.<br \/>\r\nOlyan szakemberek jelentkez\u00e9s\u00e9t v\u00e1rjuk, akik szakm\u00e1juk ir\u00e1nt elhivatottak \u00e9s szerepet v\u00e1llalnak a min\u0151s\u00e9gi du\u00e1lis k\u00e9pz\u00e9s fejleszt\u00e9s\u00e9ben, emellett tud\u00e1sukkal \u00e9s tapasztalatukkal hozz\u00e1j\u00e1rulnak a du\u00e1lis szakk\u00e9pz\u00e9s sz\u00ednvonal\u00e1nak emel\u00e9s\u00e9hez.<\/p><\/div>\r\n        <\/div>\r\n    <\/div>\r\n        <\/div>\r\n            <div class=\"col-md-6 inline-col feed-item\">\r\n            <div class=\"clearfix\">\r\n        <div class=\"img\">\r\n            <a  href=\"https:\/\/vmkik.hu\/index.php\/hirek\/kozeppontban-a-helyi-vallalkozasok-sikeresen-zajlik-a-varmegyei-uzleti-reggeli-sorozat\">\r\n                <img class=\"img-responsive img-center\" src=\"\/uploads\/feed_items\/small-img-17755700078128.jpg\" alt=\"K\u00f6z\u00e9ppontban a helyi v\u00e1llalkoz\u00e1sok: Sikeresen zajlik a v\u00e1rmegyei \u00dczleti Reggeli sorozat\">\r\n            <\/a>\r\n        <\/div>\r\n        <div class=\"info\">\r\n            <div class=\"title\"><a  href=\"https:\/\/vmkik.hu\/index.php\/hirek\/kozeppontban-a-helyi-vallalkozasok-sikeresen-zajlik-a-varmegyei-uzleti-reggeli-sorozat\">K\u00f6z\u00e9ppontban a helyi v\u00e1llalkoz\u00e1sok: Sikeresen zajlik a v\u00e1rmegyei \u00dczleti Reggeli sorozat<\/a><\/div>\r\n                            <ul class=\"categories\">\r\n                                            <li><a style=\"background: #5c299e; color: #ffffff\" href=\"https:\/\/vmkik.hu\/index.php\/hirek\/hirek\">H\u00edrek<\/a><\/li>\r\n                                            <li><a style=\"background: #9e6f29; color: #ffffff\" href=\"https:\/\/vmkik.hu\/index.php\/hirek\/gazdasagfejlesztes\">Gazdas\u00e1gfejleszt\u00e9s<\/a><\/li>\r\n                                        <li><span class=\"public-at\">2026. \u00e1prilis 07.<\/span><\/li>\r\n                <\/ul>\r\n                        <div class=\"desc\"><p>Nagy \u00e9rdekl\u0151d\u00e9s k\u00eds\u00e9ri a Vas V\u00e1rmegyei Kereskedelmi \u00e9s Iparkamara \u00e1ltal ind\u00edtott v\u00e1llalkoz\u00f3i f\u00f3rumsorozatot. S\u00e1rv\u00e1r \u00e9s K\u0151szeg ut\u00e1n legut\u00f3bb Vasv\u00e1ron cser\u00e9ltek gazd\u00e1t a legfrissebb gazdas\u00e1gi inform\u00e1ci\u00f3k, bebizony\u00edtva, hogy a helyi v\u00e1llalkoz\u00f3knak ig\u00e9ny\u00fck van a szem\u00e9lyes p\u00e1rbesz\u00e9dre \u00e9s az \u00f6sszefog\u00e1sra.<\/p><\/div>\r\n        <\/div>\r\n    <\/div>\r\n        <\/div>\r\n            <div class=\"col-md-6 inline-col feed-item\">\r\n            <div class=\"clearfix\">\r\n        <div class=\"img\">\r\n            <a  href=\"https:\/\/vmkik.hu\/index.php\/hirek\/uj-exportplatform-indul-a-kamara-strategiai-tamogatasaval\">\r\n                <img class=\"img-responsive img-center\" src=\"\/uploads\/feed_items\/small-7a1a0984-5a9a-4cd2-9de5-cbeb399a2585-17755479015818.jfif\" alt=\"\u00daj exportplatform indul a Kamara strat\u00e9giai t\u00e1mogat\u00e1s\u00e1val\">\r\n            <\/a>\r\n        <\/div>\r\n        <div class=\"info\">\r\n            <div class=\"title\"><a  href=\"https:\/\/vmkik.hu\/index.php\/hirek\/uj-exportplatform-indul-a-kamara-strategiai-tamogatasaval\">\u00daj exportplatform indul a Kamara strat\u00e9giai t\u00e1mogat\u00e1s\u00e1val<\/a><\/div>\r\n                            <ul class=\"categories\">\r\n                                            <li><a style=\"background: #9e6f29; color: #ffffff\" href=\"https:\/\/vmkik.hu\/index.php\/hirek\/gazdasagfejlesztes\">Gazdas\u00e1gfejleszt\u00e9s<\/a><\/li>\r\n                                        <li><span class=\"public-at\">2026. \u00e1prilis 07.<\/span><\/li>\r\n                <\/ul>\r\n                        <div class=\"desc\"><p>A Magyar Kereskedelmi \u00e9s Iparkamara (MKIK), valamint a Magyar Tervez\u0151i \u00e9s \u00c9p\u00edt\u00e9szeti Sz\u00f6vets\u00e9g Klaszter (HDBA) egy\u00fcttm\u0171k\u00f6d\u00e9s\u00e9vel megalakult a magyar Design &amp; Build Klaszter. A tervez\u00e9st \u00e9s a kivitelez\u00e9st is \u00f6sszefog\u00f3 t\u00f6m\u00f6r\u00fcl\u00e9s c\u00e9lja, hogy a magyar tervez\u0151i, \u00e9p\u00edt\u00e9szeti, kivitelez\u00e9si \u00e9s kapcsol\u00f3d\u00f3 ipar\u00e1gi kompetenci\u00e1k szervezett form\u00e1ban jelenjenek meg a nemzetk\u00f6zi piacokon, k\u00fcl\u00f6n\u00f6sen a Perzsa-\u00f6b\u00f6l, a K\u00f6zel-Kelet \u00e9s \u00c9szak-Afrika dinamikusan fejl\u0151d\u0151 r\u00e9gi\u00f3iban.<\/p><\/div>\r\n        <\/div>\r\n    <\/div>\r\n        <\/div>\r\n            <div class=\"col-md-6 inline-col feed-item\">\r\n            <div class=\"clearfix\">\r\n        <div class=\"img\">\r\n            <a  href=\"https:\/\/vmkik.hu\/index.php\/hirek\/regionalis-gazdasagi-forumot-tartott-a-nyugat-dunantuli-regio-kereskedelmi-es-iparkamarainak-szovetsege\">\r\n                <img class=\"img-responsive img-center\" src=\"\/uploads\/feed_items\/small-attu4mqdpodutdqjuhk-64w3cmhz8pdsxfksxbsyqk9tb4-17750349599411.jpg\" alt=\"Region\u00e1lis gazdas\u00e1gi f\u00f3rumot tartott a Nyugat-Dun\u00e1nt\u00fali R\u00e9gi\u00f3 Kereskedelmi \u00e9s Iparkamar\u00e1inak Sz\u00f6vets\u00e9ge\">\r\n            <\/a>\r\n        <\/div>\r\n        <div class=\"info\">\r\n            <div class=\"title\"><a  href=\"https:\/\/vmkik.hu\/index.php\/hirek\/regionalis-gazdasagi-forumot-tartott-a-nyugat-dunantuli-regio-kereskedelmi-es-iparkamarainak-szovetsege\">Region\u00e1lis gazdas\u00e1gi f\u00f3rumot tartott a Nyugat-Dun\u00e1nt\u00fali R\u00e9gi\u00f3 Kereskedelmi \u00e9s Iparkamar\u00e1inak Sz\u00f6vets\u00e9ge<\/a><\/div>\r\n                            <ul class=\"categories\">\r\n                                            <li><a style=\"background: #5c299e; color: #ffffff\" href=\"https:\/\/vmkik.hu\/index.php\/hirek\/hirek\">H\u00edrek<\/a><\/li>\r\n                                        <li><span class=\"public-at\">2026. \u00e1prilis 01.<\/span><\/li>\r\n                <\/ul>\r\n                        <div class=\"desc\"><p>A Vas V\u00e1rmegyei Kereskedelmi \u00e9s Iparkamara, mint gesztorkamara szervez\u00e9s\u00e9ben ker\u00fclt megrendez\u00e9sre a Nyugat-dun\u00e1nt\u00fali Kereskedelmi \u00e9s Iparkamar\u00e1k Sz\u00f6vets\u00e9g\u00e9nek Region\u00e1lis Gazdas\u00e1gi F\u00f3ruma.<\/p><\/div>\r\n        <\/div>\r\n    <\/div>\r\n        <\/div>\r\n            <div class=\"col-md-6 inline-col feed-item\">\r\n            <div class=\"clearfix\">\r\n        <div class=\"img\">\r\n            <a  href=\"https:\/\/vmkik.hu\/index.php\/hirek\/legyen-on-is-szakmaja-mestere-egyes-szakmakban-meg-varjuk-a-jelentkezeseket\">\r\n                <img class=\"img-responsive img-center\" src=\"\/uploads\/feed_items\/small-mesterlevel-17750324230906.jpg\" alt=\"LEGYEN \u00d6N IS SZAKM\u00c1JA MESTERE! Egyes szakm\u00e1kban m\u00e9g v\u00e1rjuk a jelentkez\u00e9seket!\">\r\n            <\/a>\r\n        <\/div>\r\n        <div class=\"info\">\r\n            <div class=\"title\"><a  href=\"https:\/\/vmkik.hu\/index.php\/hirek\/legyen-on-is-szakmaja-mestere-egyes-szakmakban-meg-varjuk-a-jelentkezeseket\">LEGYEN \u00d6N IS SZAKM\u00c1JA MESTERE! Egyes szakm\u00e1kban m\u00e9g v\u00e1rjuk a jelentkez\u00e9seket!<\/a><\/div>\r\n                            <ul class=\"categories\">\r\n                                            <li><a style=\"background: #9e2961; color: #ffffff\" href=\"https:\/\/vmkik.hu\/index.php\/hirek\/uton-a-szakmak-vilagaban\">Szakk\u00e9pz\u00e9s<\/a><\/li>\r\n                                            <li><a style=\"background: #5c299e; color: #ffffff\" href=\"https:\/\/vmkik.hu\/index.php\/hirek\/hirek\">H\u00edrek<\/a><\/li>\r\n                                            <li><a style=\"background: #299e7b; color: #ffffff\" href=\"https:\/\/vmkik.hu\/index.php\/hirek\/mesterkepzes\">Mesterk\u00e9pz\u00e9s<\/a><\/li>\r\n                                        <li><span class=\"public-at\">2026. \u00e1prilis 01.<\/span><\/li>\r\n                <\/ul>\r\n                        <div class=\"desc\"><p>A Vas V\u00e1rmegyei Kereskedelmi \u00e9s Iparkamara 2026-ban ism\u00e9t ind\u00edt mesterk\u00e9pz\u00e9st \u00e9s vizsg\u00e1t!&nbsp;Ne maradjon le a lehet\u0151s\u00e9gr\u0151l!&nbsp;Szerezzen mesterc\u00edmet, emelje v\u00e1llalkoz\u00e1s\u00e1t \u00faj szintre!<\/p><\/div>\r\n        <\/div>\r\n    <\/div>\r\n        <\/div>\r\n            <div class=\"col-md-6 inline-col feed-item\">\r\n            <div class=\"clearfix\">\r\n        <div class=\"img\">\r\n            <a  href=\"https:\/\/vmkik.hu\/index.php\/hirek\/elkeszult-az-orszagos-innovacios-felmeres-elemzese\">\r\n                <img class=\"img-responsive img-center\" src=\"\/uploads\/feed_items\/small-innovacio2-17750293251544.jpg\" alt=\"Elk\u00e9sz\u00fclt az orsz\u00e1gos innov\u00e1ci\u00f3s felm\u00e9r\u00e9s elemz\u00e9se\">\r\n            <\/a>\r\n        <\/div>\r\n        <div class=\"info\">\r\n            <div class=\"title\"><a  href=\"https:\/\/vmkik.hu\/index.php\/hirek\/elkeszult-az-orszagos-innovacios-felmeres-elemzese\">Elk\u00e9sz\u00fclt az orsz\u00e1gos innov\u00e1ci\u00f3s felm\u00e9r\u00e9s elemz\u00e9se<\/a><\/div>\r\n                            <ul class=\"categories\">\r\n                                            <li><a style=\"background: #5c299e; color: #ffffff\" href=\"https:\/\/vmkik.hu\/index.php\/hirek\/hirek\">H\u00edrek<\/a><\/li>\r\n                                            <li><a style=\"background: #9e6f29; color: #ffffff\" href=\"https:\/\/vmkik.hu\/index.php\/hirek\/gazdasagfejlesztes\">Gazdas\u00e1gfejleszt\u00e9s<\/a><\/li>\r\n                                            <li><a style=\"background: #8f9e29; color: #ffffff\" href=\"https:\/\/vmkik.hu\/index.php\/hirek\/vallalkozasfejlesztesi-projekt\">V\u00e1llalkoz\u00e1sfejleszt\u00e9si projekt<\/a><\/li>\r\n                                        <li><span class=\"public-at\">2026. \u00e1prilis 01.<\/span><\/li>\r\n                <\/ul>\r\n                        <div class=\"desc\"><p>Elk\u00e9sz\u00fclt \u00e9s publik\u00e1lt\u00e1k a Magyar Kereskedelmi \u00e9s Iparkamara (MKIK) \u00e1ltal ind\u00edtott r\u00e9szletes innov\u00e1ci\u00f3s felm\u00e9r\u00e9s elemz\u00e9s\u00e9t.<\/p><\/div>\r\n        <\/div>\r\n    <\/div>\r\n        <\/div>\r\n    <\/div>\r\n\r\n<ul class=\"pagination\">\r\n                    <li class=\"left\"><a href=\"https:\/\/vmkik.hu\/index.php\/api\/feeds\/page?page=5\" rel=\"prev\"><span class=\"icon icon-arrow-flat-left\"><\/span><\/a><\/li>\r\n        \r\n                    \r\n                                                                        <li><a href=\"https:\/\/vmkik.hu\/index.php\/api\/feeds\/page?page=1\">01<\/a><\/li>\r\n                                                                                <li><a href=\"https:\/\/vmkik.hu\/index.php\/api\/feeds\/page?page=2\">02<\/a><\/li>\r\n                                                                                <li><a href=\"https:\/\/vmkik.hu\/index.php\/api\/feeds\/page?page=3\">03<\/a><\/li>\r\n                                                                                <li><a href=\"https:\/\/vmkik.hu\/index.php\/api\/feeds\/page?page=4\">04<\/a><\/li>\r\n                                                                                <li><a href=\"https:\/\/vmkik.hu\/index.php\/api\/feeds\/page?page=5\">05<\/a><\/li>\r\n                                                                                <li class=\"active\"><span>06<\/span><\/li>\r\n                                                                                <li><a href=\"https:\/\/vmkik.hu\/index.php\/api\/feeds\/page?page=7\">07<\/a><\/li>\r\n                                                                                <li><a href=\"https:\/\/vmkik.hu\/index.php\/api\/feeds\/page?page=8\">08<\/a><\/li>\r\n                                                                                    <li class=\"disabled\"><span>...<\/span><\/li>\r\n            \r\n                                \r\n                                                                        <li><a href=\"https:\/\/vmkik.hu\/index.php\/api\/feeds\/page?page=476\">476<\/a><\/li>\r\n                                                                                <li><a href=\"https:\/\/vmkik.hu\/index.php\/api\/feeds\/page?page=477\">477<\/a><\/li>\r\n                                                        \r\n                    <li class=\"right\"><a href=\"https:\/\/vmkik.hu\/index.php\/api\/feeds\/page?page=7\" rel=\"next\"><span class=\"icon icon-arrow-flat-right\"><\/span><\/a><\/li>\r\n            <\/ul>\r\n\r\n","page":"6"}