{"content":"<div class=\"row inline-row\">\r\n                <div class=\"col-md-6 inline-col feed-item\">\r\n            <div class=\"clearfix\">\r\n        <div class=\"img\">\r\n            <a  href=\"https:\/\/vmkik.hu\/index.php\/hirek\/gyakorlati-eszkozok-a-biztonsagos-nemzetkozi-uzletkoteshez-es-jogervenyesiteshez-meghivo\">\r\n                <img class=\"img-responsive img-center\" src=\"\/uploads\/feed_items\/small-vallalkozok2-17750276860373.jpg\" alt=\"Gyakorlati eszk\u00f6z\u00f6k a biztons\u00e1gos nemzetk\u00f6zi \u00fczletk\u00f6t\u00e9shez \u00e9s jog\u00e9rv\u00e9nyes\u00edt\u00e9shez - megh\u00edv\u00f3\">\r\n            <\/a>\r\n        <\/div>\r\n        <div class=\"info\">\r\n            <div class=\"title\"><a  href=\"https:\/\/vmkik.hu\/index.php\/hirek\/gyakorlati-eszkozok-a-biztonsagos-nemzetkozi-uzletkoteshez-es-jogervenyesiteshez-meghivo\">Gyakorlati eszk\u00f6z\u00f6k a biztons\u00e1gos nemzetk\u00f6zi \u00fczletk\u00f6t\u00e9shez \u00e9s jog\u00e9rv\u00e9nyes\u00edt\u00e9shez - megh\u00edv\u00f3<\/a><\/div>\r\n                            <ul class=\"categories\">\r\n                                            <li><a style=\"background: #5c299e; color: #ffffff\" href=\"https:\/\/vmkik.hu\/index.php\/hirek\/hirek\">H\u00edrek<\/a><\/li>\r\n                                            <li><a style=\"background: #9e6f29; color: #ffffff\" href=\"https:\/\/vmkik.hu\/index.php\/hirek\/gazdasagfejlesztes\">Gazdas\u00e1gfejleszt\u00e9s<\/a><\/li>\r\n                                        <li><span class=\"public-at\">2026. \u00e1prilis 01.<\/span><\/li>\r\n                <\/ul>\r\n                        <div class=\"desc\"><p>A B\u00e1cs-Kiskun V\u00e1rmegyei Kereskedelmi \u00e9s Iparkamra tisztelettel megh\u00edvja \u00d6nt a <strong>GYAKORLATI ESZK\u00d6Z\u00d6K A BIZTONS\u00c1GOS NEMZETK\u00d6ZI \u00dcZLETK\u00d6T\u00c9SHEZ \u00c9S JOG\u00c9RV\u00c9NYES\u00cdT\u00c9SHEZ<\/strong> c\u00edm\u0171<em><strong> online rendezv\u00e9ny\u00e9re<\/strong><\/em>.<\/p><\/div>\r\n        <\/div>\r\n    <\/div>\r\n        <\/div>\r\n            <div class=\"col-md-6 inline-col feed-item\">\r\n            <div class=\"clearfix\">\r\n        <div class=\"img\">\r\n            <a  href=\"https:\/\/vmkik.hu\/index.php\/hirek\/2026-majus-1-jetol-ideiglenesen-alkalmazando-az-eumercosur-megallapodas\">\r\n                <img class=\"img-responsive img-center\" src=\"\/uploads\/feed_items\/small-mercosurweb-1774953549991.jpg\" alt=\"2026. m\u00e1jus 1-j\u00e9t\u0151l ideiglenesen alkalmazand\u00f3 az EU\u2013Mercosur meg\u00e1llapod\u00e1s\">\r\n            <\/a>\r\n        <\/div>\r\n        <div class=\"info\">\r\n            <div class=\"title\"><a  href=\"https:\/\/vmkik.hu\/index.php\/hirek\/2026-majus-1-jetol-ideiglenesen-alkalmazando-az-eumercosur-megallapodas\">2026. m\u00e1jus 1-j\u00e9t\u0151l ideiglenesen alkalmazand\u00f3 az EU\u2013Mercosur meg\u00e1llapod\u00e1s<\/a><\/div>\r\n                            <ul class=\"categories\">\r\n                                            <li><a style=\"background: #5c299e; color: #ffffff\" href=\"https:\/\/vmkik.hu\/index.php\/hirek\/hirek\">H\u00edrek<\/a><\/li>\r\n                                            <li><a style=\"background: #2a299e; color: #ffffff\" href=\"https:\/\/vmkik.hu\/index.php\/hirek\/europe-direct\">Europe Direct<\/a><\/li>\r\n                                        <li><span class=\"public-at\">2026. m\u00e1rcius 31.<\/span><\/li>\r\n                <\/ul>\r\n                        <div class=\"desc\"><p style=\"text-align:justify\">Az EU megk\u00fcldte az EU\u2013Mercosur ideiglenes kereskedelmi meg\u00e1llapod\u00e1s ideiglenes alkalmaz\u00e1s\u00e1r\u00f3l sz\u00f3l\u00f3 okiratot a Mercosur-orsz\u00e1goknak. Az Eur\u00f3pai Bizotts\u00e1g azzal, hogy \u00fan. sz\u00f3beli jegyz\u00e9ket k\u00fcld\u00f6tt Paraguaynak, a Mercosur-meg\u00e1llapod\u00e1s t\u00f6rv\u00e9nyes \u0151r\u00e9nek, megtette az ideiglenes alkalmaz\u00e1shoz sz\u00fcks\u00e9ges utols\u00f3 elj\u00e1r\u00e1si l\u00e9p\u00e9st.<\/p><\/div>\r\n        <\/div>\r\n    <\/div>\r\n        <\/div>\r\n            <div class=\"col-md-6 inline-col feed-item\">\r\n            <div class=\"clearfix\">\r\n        <div class=\"img\">\r\n            <a  href=\"https:\/\/vmkik.hu\/index.php\/hirek\/uj-tajekoztato-aloldalt-inditott-a-nav-az-anyk-atallashoz\">\r\n                <img class=\"img-responsive img-center\" src=\"\/uploads\/feed_items\/small-nav-17749533729135.jpg\" alt=\"\u00daj t\u00e1j\u00e9koztat\u00f3 aloldalt ind\u00edtott a NAV az \u00c1NYK-\u00e1t\u00e1ll\u00e1shoz\">\r\n            <\/a>\r\n        <\/div>\r\n        <div class=\"info\">\r\n            <div class=\"title\"><a  href=\"https:\/\/vmkik.hu\/index.php\/hirek\/uj-tajekoztato-aloldalt-inditott-a-nav-az-anyk-atallashoz\">\u00daj t\u00e1j\u00e9koztat\u00f3 aloldalt ind\u00edtott a NAV az \u00c1NYK-\u00e1t\u00e1ll\u00e1shoz<\/a><\/div>\r\n                            <ul class=\"categories\">\r\n                                            <li><a style=\"background: #5c299e; color: #ffffff\" href=\"https:\/\/vmkik.hu\/index.php\/hirek\/hirek\">H\u00edrek<\/a><\/li>\r\n                                            <li><a style=\"background: #64299e; color: #ffffff\" href=\"https:\/\/vmkik.hu\/index.php\/hirek\/vallalkozo-vagyok\">V\u00e1llalkoz\u00f3 vagyok<\/a><\/li>\r\n                                        <li><span class=\"public-at\">2026. m\u00e1rcius 31.<\/span><\/li>\r\n                <\/ul>\r\n                        <div class=\"desc\"><p style=\"text-align:justify\">A Nemzeti Ad\u00f3- \u00e9s V\u00e1mhivatal (NAV) kivezeti az \u00c1ltal\u00e1nos Nyomtatv\u00e1nykit\u00f6lt\u0151 Keretprogramot (\u00c1NYK): a jelenlegi rendszer 2026. december 31-\u00e9n megsz\u0171nik, hely\u00e9t pedig 2027. janu\u00e1r 1-j\u00e9t\u0151l egy \u00faj, kiz\u00e1r\u00f3lagos platform veszi \u00e1t.<\/p><\/div>\r\n        <\/div>\r\n    <\/div>\r\n        <\/div>\r\n            <div class=\"col-md-6 inline-col feed-item\">\r\n            <div class=\"clearfix\">\r\n        <div class=\"img\">\r\n            <a  href=\"https:\/\/vmkik.hu\/index.php\/hirek\/elkeszult-az-europai-szamvevoszek-132026-sz-szamvevoszeki-kulonjelentese\">\r\n                <img class=\"img-responsive img-center\" src=\"\/uploads\/feed_items\/small-europai-szamvevoszek-17749509967236.png\" alt=\"Elk\u00e9sz\u00fclt az Eur\u00f3pai Sz\u00e1mvev\u0151sz\u00e9k 13\/2026. sz. sz\u00e1mvev\u0151sz\u00e9ki k\u00fcl\u00f6njelent\u00e9se\">\r\n            <\/a>\r\n        <\/div>\r\n        <div class=\"info\">\r\n            <div class=\"title\"><a  href=\"https:\/\/vmkik.hu\/index.php\/hirek\/elkeszult-az-europai-szamvevoszek-132026-sz-szamvevoszeki-kulonjelentese\">Elk\u00e9sz\u00fclt az Eur\u00f3pai Sz\u00e1mvev\u0151sz\u00e9k 13\/2026. sz. sz\u00e1mvev\u0151sz\u00e9ki k\u00fcl\u00f6njelent\u00e9se<\/a><\/div>\r\n                            <ul class=\"categories\">\r\n                                            <li><a style=\"background: #5c299e; color: #ffffff\" href=\"https:\/\/vmkik.hu\/index.php\/hirek\/hirek\">H\u00edrek<\/a><\/li>\r\n                                            <li><a style=\"background: #2a299e; color: #ffffff\" href=\"https:\/\/vmkik.hu\/index.php\/hirek\/europe-direct\">Europe Direct<\/a><\/li>\r\n                                        <li><span class=\"public-at\">2026. m\u00e1rcius 31.<\/span><\/li>\r\n                <\/ul>\r\n                        <div class=\"desc\"><p>Elk\u00e9sz\u00fclt az Eur\u00f3pai Sz\u00e1mvev\u0151sz\u00e9k 13\/2026. sz. sz\u00e1mvev\u0151sz\u00e9ki k\u00fcl\u00f6njelent\u00e9s <em>\u201eA szolg\u00e1ltat\u00e1sok egys\u00e9ges piaca: Tov\u00e1bbra sem el\u00e9gs\u00e9gesek a hat\u00e1rokon \u00e1tny\u00fal\u00f3 szolg\u00e1ltat\u00e1sok el\u0151tt \u00e1ll\u00f3 akad\u00e1lyok felsz\u00e1mol\u00e1s\u00e1ra ir\u00e1nyul\u00f3 bizotts\u00e1gi int\u00e9zked\u00e9sek\u201d<\/em> c\u00edmmel, melynek elk\u00e9sz\u00edt\u00e9s\u00e9t Hans Lindblad sz\u00e1mvev\u0151sz\u00e9ki tag ir\u00e1ny\u00edtotta.<\/p><\/div>\r\n        <\/div>\r\n    <\/div>\r\n        <\/div>\r\n            <div class=\"col-md-6 inline-col feed-item\">\r\n            <div class=\"clearfix\">\r\n        <div class=\"img\">\r\n            <a  href=\"https:\/\/vmkik.hu\/index.php\/hirek\/allitsuk-helyre-oceanjainkat-es-vizeinket-a-duna-vizgyujto-teruletenek-okologiai-helyreallitasa\">\r\n                <img class=\"img-responsive img-center\" src=\"\/uploads\/feed_items\/small-danubelifelines-socialmedia-1774948920093.jpg\" alt=\"\u00c1ll\u00edtsuk helyre \u00f3ce\u00e1njainkat \u00e9s vizeinket - a Duna v\u00edzgy\u0171jt\u0151 ter\u00fclet\u00e9nek \u00f6kol\u00f3giai helyre\u00e1ll\u00edt\u00e1sa.\">\r\n            <\/a>\r\n        <\/div>\r\n        <div class=\"info\">\r\n            <div class=\"title\"><a  href=\"https:\/\/vmkik.hu\/index.php\/hirek\/allitsuk-helyre-oceanjainkat-es-vizeinket-a-duna-vizgyujto-teruletenek-okologiai-helyreallitasa\">\u00c1ll\u00edtsuk helyre \u00f3ce\u00e1njainkat \u00e9s vizeinket - a Duna v\u00edzgy\u0171jt\u0151 ter\u00fclet\u00e9nek \u00f6kol\u00f3giai helyre\u00e1ll\u00edt\u00e1sa.<\/a><\/div>\r\n                            <ul class=\"categories\">\r\n                                            <li><a style=\"background: #5c299e; color: #ffffff\" href=\"https:\/\/vmkik.hu\/index.php\/hirek\/hirek\">H\u00edrek<\/a><\/li>\r\n                                            <li><a style=\"background: #2a299e; color: #ffffff\" href=\"https:\/\/vmkik.hu\/index.php\/hirek\/europe-direct\">Europe Direct<\/a><\/li>\r\n                                        <li><span class=\"public-at\">2026. m\u00e1rcius 31.<\/span><\/li>\r\n                <\/ul>\r\n                        <div class=\"desc\"><p>Az \u201e\u00c1ll\u00edtsuk helyre \u00f3ce\u00e1njainkat \u00e9s vizeinket\u201d (EU Mission: Restore our Ocean and Waters) az Eur\u00f3pai Uni\u00f3 egyik kiemelt kezdem\u00e9nyez\u00e9se a Horizon Europe program keret\u00e9ben, amelynek c\u00e9lja a v\u00edzi \u00f6kosziszt\u00e9m\u00e1k v\u00e9delme \u00e9s helyre\u00e1ll\u00edt\u00e1sa 2030-ig.&nbsp;Uni\u00f3s forr\u00e1sok \u00e9s magyar kutat\u00f3k seg\u00edts\u00e9g\u00e9vel eur\u00f3pai modell\u00e9 v\u00e1lhat a Duna v\u00edzgy\u0171jt\u0151 ter\u00fclet\u00e9nek \u00f6kol\u00f3giai helyre\u00e1ll\u00edt\u00e1sa.<\/p><\/div>\r\n        <\/div>\r\n    <\/div>\r\n        <\/div>\r\n            <div class=\"col-md-6 inline-col feed-item\">\r\n            <div class=\"clearfix\">\r\n        <div class=\"img\">\r\n            <a  href=\"https:\/\/vmkik.hu\/index.php\/hirek\/beszallitoi-kompetenciak-fejleszteset-elokeszito-workshop-2026-aprilis-20\">\r\n                <img class=\"img-responsive img-center\" src=\"\/uploads\/feed_items\/small-orszagos-kamarai-beszallitoi-forum-2026-1-17749516077912.jpg\" alt=\"Besz\u00e1ll\u00edt\u00f3i kompetenci\u00e1k fejleszt\u00e9s\u00e9t el\u0151k\u00e9sz\u00edt\u0151 workshop - 2026. \u00e1prilis 20.\">\r\n            <\/a>\r\n        <\/div>\r\n        <div class=\"info\">\r\n            <div class=\"title\"><a  href=\"https:\/\/vmkik.hu\/index.php\/hirek\/beszallitoi-kompetenciak-fejleszteset-elokeszito-workshop-2026-aprilis-20\">Besz\u00e1ll\u00edt\u00f3i kompetenci\u00e1k fejleszt\u00e9s\u00e9t el\u0151k\u00e9sz\u00edt\u0151 workshop - 2026. \u00e1prilis 20.<\/a><\/div>\r\n                            <ul class=\"categories\">\r\n                                            <li><a style=\"background: #9e6f29; color: #ffffff\" href=\"https:\/\/vmkik.hu\/index.php\/hirek\/gazdasagfejlesztes\">Gazdas\u00e1gfejleszt\u00e9s<\/a><\/li>\r\n                                        <li><span class=\"public-at\">2026. m\u00e1rcius 31.<\/span><\/li>\r\n                <\/ul>\r\n                        <div class=\"desc\"><p><strong>SZINTET L\u00c9PNE BESZ\u00c1LL\u00cdT\u00d3K\u00c9NT? CSATLAKOZZON WORKSHOPUNKHOZ!<\/strong><\/p>\r\n\r\n<p><strong>\u00d6n is szeretne stabil, megb\u00edzhat\u00f3 partnere lenni a legnagyobb hazai \u00e9s nemzetk\u00f6zi v\u00e1llalatoknak?<\/strong> A sikeres besz\u00e1ll\u00edt\u00f3v\u00e1 v\u00e1l\u00e1s nem szerencse, hanem tudatos strat\u00e9gia \u00e9s fejleszt\u00e9s k\u00e9rd\u00e9se.<\/p><\/div>\r\n        <\/div>\r\n    <\/div>\r\n        <\/div>\r\n            <div class=\"col-md-6 inline-col feed-item\">\r\n            <div class=\"clearfix\">\r\n        <div class=\"img\">\r\n            <a  href=\"https:\/\/vmkik.hu\/index.php\/hirek\/elmenyek-palyaorientacio-a-szakma-sztar-fesztivalon\">\r\n                <img class=\"img-responsive img-center\" src=\"\/uploads\/feed_items\/small-img-17748713360789.jpg\" alt=\"\u00c9lm\u00e9nyek, p\u00e1lyaorient\u00e1ci\u00f3 a Szakma Szt\u00e1r Fesztiv\u00e1lon\">\r\n            <\/a>\r\n        <\/div>\r\n        <div class=\"info\">\r\n            <div class=\"title\"><a  href=\"https:\/\/vmkik.hu\/index.php\/hirek\/elmenyek-palyaorientacio-a-szakma-sztar-fesztivalon\">\u00c9lm\u00e9nyek, p\u00e1lyaorient\u00e1ci\u00f3 a Szakma Szt\u00e1r Fesztiv\u00e1lon<\/a><\/div>\r\n                            <ul class=\"categories\">\r\n                                            <li><a style=\"background: #9e2961; color: #ffffff\" href=\"https:\/\/vmkik.hu\/index.php\/hirek\/uton-a-szakmak-vilagaban\">Szakk\u00e9pz\u00e9s<\/a><\/li>\r\n                                            <li><a style=\"background: #5c299e; color: #ffffff\" href=\"https:\/\/vmkik.hu\/index.php\/hirek\/hirek\">H\u00edrek<\/a><\/li>\r\n                                            <li><a style=\"background: #80299e; color: #ffffff\" href=\"https:\/\/vmkik.hu\/index.php\/hirek\/palyaorientacio\">P\u00e1lyaorient\u00e1ci\u00f3<\/a><\/li>\r\n                                        <li><span class=\"public-at\">2026. m\u00e1rcius 30.<\/span><\/li>\r\n                <\/ul>\r\n                        <div class=\"desc\"><p>A XIX. Szakma Szt\u00e1r Fesztiv\u00e1lt m\u00e1rcius 26\u201327-\u00e9n rendezt\u00e9k meg a Hungexpo ter\u00fclet\u00e9n, ahol t\u00f6bb mint 50 szakm\u00e1ban k\u00f6zel 200 di\u00e1k m\u00e9rte \u00f6ssze tud\u00e1s\u00e1t. A rendezv\u00e9nyre&nbsp;mintegy 480 Vas v\u00e1rmegyei tanul\u00f3val l\u00e1togatott el kamar\u00e1nk, akik f\u0151k\u00e9nt p\u00e1lyav\u00e1laszt\u00e1s el\u0151tt \u00e1ll\u00f3 \u00e1ltal\u00e1nos iskol\u00e1sok voltak.<\/p><\/div>\r\n        <\/div>\r\n    <\/div>\r\n        <\/div>\r\n            <div class=\"col-md-6 inline-col feed-item\">\r\n            <div class=\"clearfix\">\r\n        <div class=\"img\">\r\n            <a  href=\"https:\/\/vmkik.hu\/index.php\/hirek\/meghivo-uzleti-lehetosegek-vietnamban\">\r\n                <img class=\"img-responsive img-center\" src=\"\/uploads\/feed_items\/small-unnamed-17748699441832.jpg\" alt=\"MEGH\u00cdV\u00d3 - \u00dczleti lehet\u0151s\u00e9gek Vietn\u00e1mban\">\r\n            <\/a>\r\n        <\/div>\r\n        <div class=\"info\">\r\n            <div class=\"title\"><a  href=\"https:\/\/vmkik.hu\/index.php\/hirek\/meghivo-uzleti-lehetosegek-vietnamban\">MEGH\u00cdV\u00d3 - \u00dczleti lehet\u0151s\u00e9gek Vietn\u00e1mban<\/a><\/div>\r\n                            <ul class=\"categories\">\r\n                                            <li><a style=\"background: #5c299e; color: #ffffff\" href=\"https:\/\/vmkik.hu\/index.php\/hirek\/hirek\">H\u00edrek<\/a><\/li>\r\n                                            <li><a style=\"background: #9e6f29; color: #ffffff\" href=\"https:\/\/vmkik.hu\/index.php\/hirek\/gazdasagfejlesztes\">Gazdas\u00e1gfejleszt\u00e9s<\/a><\/li>\r\n                                        <li><span class=\"public-at\">2026. m\u00e1rcius 30.<\/span><\/li>\r\n                <\/ul>\r\n                        <div class=\"desc\"><p>a Magyar Kereskedelmi \u00e9s Iparkamara \u00dczleti lehet\u0151s\u00e9gek Vietn\u00e1mban c\u00edmmel 2026. \u00e1prilis 9-\u00e9n 10:00-kor rendezv\u00e9nyt szervez a Kamara sz\u00e9kh\u00e1z\u00e1ban.<\/p><\/div>\r\n        <\/div>\r\n    <\/div>\r\n        <\/div>\r\n    <\/div>\r\n\r\n<ul class=\"pagination\">\r\n                    <li class=\"left\"><a href=\"https:\/\/vmkik.hu\/index.php\/api\/feeds\/page?page=6\" rel=\"prev\"><span class=\"icon icon-arrow-flat-left\"><\/span><\/a><\/li>\r\n        \r\n                    \r\n                                                                        <li><a href=\"https:\/\/vmkik.hu\/index.php\/api\/feeds\/page?page=1\">01<\/a><\/li>\r\n                                                                                <li><a href=\"https:\/\/vmkik.hu\/index.php\/api\/feeds\/page?page=2\">02<\/a><\/li>\r\n                                                                                    <li class=\"disabled\"><span>...<\/span><\/li>\r\n            \r\n                                \r\n                                                                        <li><a href=\"https:\/\/vmkik.hu\/index.php\/api\/feeds\/page?page=4\">04<\/a><\/li>\r\n                                                                                <li><a href=\"https:\/\/vmkik.hu\/index.php\/api\/feeds\/page?page=5\">05<\/a><\/li>\r\n                                                                                <li><a href=\"https:\/\/vmkik.hu\/index.php\/api\/feeds\/page?page=6\">06<\/a><\/li>\r\n                                                                                <li class=\"active\"><span>07<\/span><\/li>\r\n                                                                                <li><a href=\"https:\/\/vmkik.hu\/index.php\/api\/feeds\/page?page=8\">08<\/a><\/li>\r\n                                                                                <li><a href=\"https:\/\/vmkik.hu\/index.php\/api\/feeds\/page?page=9\">09<\/a><\/li>\r\n                                                                                <li><a href=\"https:\/\/vmkik.hu\/index.php\/api\/feeds\/page?page=10\">10<\/a><\/li>\r\n                                                                                    <li class=\"disabled\"><span>...<\/span><\/li>\r\n            \r\n                                \r\n                                                                        <li><a href=\"https:\/\/vmkik.hu\/index.php\/api\/feeds\/page?page=476\">476<\/a><\/li>\r\n                                                                                <li><a href=\"https:\/\/vmkik.hu\/index.php\/api\/feeds\/page?page=477\">477<\/a><\/li>\r\n                                                        \r\n                    <li class=\"right\"><a href=\"https:\/\/vmkik.hu\/index.php\/api\/feeds\/page?page=8\" rel=\"next\"><span class=\"icon icon-arrow-flat-right\"><\/span><\/a><\/li>\r\n            <\/ul>\r\n\r\n","page":"7"}