{"content":"<div class=\"row inline-row\">\r\n                <div class=\"col-md-6 inline-col feed-item\">\r\n            <div class=\"clearfix\">\r\n        <div class=\"img\">\r\n            <a  href=\"https:\/\/vmkik.hu\/index.php\/hirek\/kedvezobb-feltetelekkel-erheto-el-a-nemzeti-bajnokok-hitelprogram\">\r\n                <img class=\"img-responsive img-center\" src=\"\/uploads\/feed_items\/small-demjan-sandor-uj-honlap-17748647197673.png\" alt=\"Kedvez\u0151bb felt\u00e9telekkel \u00e9rhet\u0151 el a Nemzeti Bajnokok Hitelprogram\">\r\n            <\/a>\r\n        <\/div>\r\n        <div class=\"info\">\r\n            <div class=\"title\"><a  href=\"https:\/\/vmkik.hu\/index.php\/hirek\/kedvezobb-feltetelekkel-erheto-el-a-nemzeti-bajnokok-hitelprogram\">Kedvez\u0151bb felt\u00e9telekkel \u00e9rhet\u0151 el a Nemzeti Bajnokok Hitelprogram<\/a><\/div>\r\n                            <ul class=\"categories\">\r\n                                            <li><a style=\"background: #5c299e; color: #ffffff\" href=\"https:\/\/vmkik.hu\/index.php\/hirek\/hirek\">H\u00edrek<\/a><\/li>\r\n                                            <li><a style=\"background: #299e9e; color: #ffffff\" href=\"https:\/\/vmkik.hu\/index.php\/hirek\/palyazatok\">P\u00e1ly\u00e1zatok<\/a><\/li>\r\n                                        <li><span class=\"public-at\">2026. m\u00e1rcius 30.<\/span><\/li>\r\n                <\/ul>\r\n                        <div class=\"desc\"><p>Jelent\u0151s k\u00f6nny\u00edt\u00e9sek \u00e9s m\u00f3dos\u00edt\u00e1sok l\u00e9pnek \u00e9letbe a Nemzeti Bajnokok Hitelprogram \u00e9s a Kkv Technol\u00f3gia Plusz Budapest Hitelprogram eset\u00e9ben: emelkedik az ig\u00e9nyelhet\u0151 \u00f6sszeg maximuma, b\u0151v\u00fcl az elsz\u00e1molhat\u00f3 k\u00f6lts\u00e9gek k\u00f6re, illetve m\u00e9rs\u00e9kl\u0151dik az eszk\u00f6zbeszerz\u00e9sre ford\u00edtand\u00f3 k\u00f6telez\u0151 k\u00f6lts\u00e9g ar\u00e1nya is.<\/p><\/div>\r\n        <\/div>\r\n    <\/div>\r\n        <\/div>\r\n            <div class=\"col-md-6 inline-col feed-item\">\r\n            <div class=\"clearfix\">\r\n        <div class=\"img\">\r\n            <a  href=\"https:\/\/vmkik.hu\/index.php\/hirek\/kehop-felhivas-korforgasos-gazdasag-es-fenntarthatosag\">\r\n                <img class=\"img-responsive img-center\" src=\"\/uploads\/feed_items\/small-zoeld-technologiak-13ee46b4b997952a6a5e326a297dfeb6-17748645421106.jpg\" alt=\"KEHOP-felh\u00edv\u00e1s \u2013 k\u00f6rforg\u00e1sos gazdas\u00e1g \u00e9s fenntarthat\u00f3s\u00e1g\">\r\n            <\/a>\r\n        <\/div>\r\n        <div class=\"info\">\r\n            <div class=\"title\"><a  href=\"https:\/\/vmkik.hu\/index.php\/hirek\/kehop-felhivas-korforgasos-gazdasag-es-fenntarthatosag\">KEHOP-felh\u00edv\u00e1s \u2013 k\u00f6rforg\u00e1sos gazdas\u00e1g \u00e9s fenntarthat\u00f3s\u00e1g<\/a><\/div>\r\n                            <ul class=\"categories\">\r\n                                            <li><a style=\"background: #5c299e; color: #ffffff\" href=\"https:\/\/vmkik.hu\/index.php\/hirek\/hirek\">H\u00edrek<\/a><\/li>\r\n                                            <li><a style=\"background: #299e9e; color: #ffffff\" href=\"https:\/\/vmkik.hu\/index.php\/hirek\/palyazatok\">P\u00e1ly\u00e1zatok<\/a><\/li>\r\n                                        <li><span class=\"public-at\">2026. m\u00e1rcius 30.<\/span><\/li>\r\n                <\/ul>\r\n                        <div class=\"desc\"><p>Megjelent a \u201eV\u00e1llalati fenntarthat\u00f3s\u00e1got \u00e9s k\u00f6rforg\u00e1sos m\u0171k\u00f6d\u00e9st el\u0151seg\u00edt\u0151 demonstr\u00e1ci\u00f3s mintaprojektek t\u00e1mogat\u00e1sa\u201d c\u00edm\u0171 (KEHOP Plusz-2.3.22) felh\u00edv\u00e1s.<\/p><\/div>\r\n        <\/div>\r\n    <\/div>\r\n        <\/div>\r\n            <div class=\"col-md-6 inline-col feed-item\">\r\n            <div class=\"clearfix\">\r\n        <div class=\"img\">\r\n            <a  href=\"https:\/\/vmkik.hu\/index.php\/hirek\/gyakorlati-utmutato-az-adomentes-reprezentacios-juttatasrol\">\r\n                <img class=\"img-responsive img-center\" src=\"\/uploads\/feed_items\/small-434-1774863688912.jpg\" alt=\"Gyakorlati \u00fatmutat\u00f3 az ad\u00f3mentes reprezent\u00e1ci\u00f3s juttat\u00e1sr\u00f3l\">\r\n            <\/a>\r\n        <\/div>\r\n        <div class=\"info\">\r\n            <div class=\"title\"><a  href=\"https:\/\/vmkik.hu\/index.php\/hirek\/gyakorlati-utmutato-az-adomentes-reprezentacios-juttatasrol\">Gyakorlati \u00fatmutat\u00f3 az ad\u00f3mentes reprezent\u00e1ci\u00f3s juttat\u00e1sr\u00f3l<\/a><\/div>\r\n                            <ul class=\"categories\">\r\n                                            <li><a style=\"background: #5c299e; color: #ffffff\" href=\"https:\/\/vmkik.hu\/index.php\/hirek\/hirek\">H\u00edrek<\/a><\/li>\r\n                                        <li><span class=\"public-at\">2026. m\u00e1rcius 30.<\/span><\/li>\r\n                <\/ul>\r\n                        <div class=\"desc\"><p>A <strong>Nemzeti Ad\u00f3- \u00e9s V\u00e1mhivatal<\/strong> egy <a href=\"https:\/\/nav.gov.hu\/ado\/szja\/Kerdesek_es_valaszok_az_adomentes_ettermi_cukraszdai_reprezentacios_juttatasrol\"><strong>gyakorlati \u00fatmutat\u00f3t<\/strong><\/a> tett k\u00f6zz\u00e9 a 2026. febru\u00e1r 1-t\u0151l ny\u00fajtott ad\u00f3mentes \u00e9tteremi, cukr\u00e1szdai vend\u00e9gl\u00e1t\u00e1s (\u00e9tel, ital) keret\u00e9ben t\u00f6rt\u00e9n\u0151 reprezent\u00e1ci\u00f3s juttat\u00e1sr\u00f3l.<\/p><\/div>\r\n        <\/div>\r\n    <\/div>\r\n        <\/div>\r\n            <div class=\"col-md-6 inline-col feed-item\">\r\n            <div class=\"clearfix\">\r\n        <div class=\"img\">\r\n            <a  href=\"https:\/\/vmkik.hu\/index.php\/hirek\/technical-fair-belgrade-2026-tamogatott-reszveteli-lehetoseg\">\r\n                <img class=\"img-responsive img-center\" src=\"\/uploads\/feed_items\/small-tmkik-website-pics-800-x-600-px-22-17748632854363.png\" alt=\"TECHNICAL FAIR BELGRADE 2026 \u2013 t\u00e1mogatott r\u00e9szv\u00e9teli lehet\u0151s\u00e9g\">\r\n            <\/a>\r\n        <\/div>\r\n        <div class=\"info\">\r\n            <div class=\"title\"><a  href=\"https:\/\/vmkik.hu\/index.php\/hirek\/technical-fair-belgrade-2026-tamogatott-reszveteli-lehetoseg\">TECHNICAL FAIR BELGRADE 2026 \u2013 t\u00e1mogatott r\u00e9szv\u00e9teli lehet\u0151s\u00e9g<\/a><\/div>\r\n                            <ul class=\"categories\">\r\n                                            <li><a style=\"background: #5c299e; color: #ffffff\" href=\"https:\/\/vmkik.hu\/index.php\/hirek\/hirek\">H\u00edrek<\/a><\/li>\r\n                                            <li><a style=\"background: #8f9e29; color: #ffffff\" href=\"https:\/\/vmkik.hu\/index.php\/hirek\/vallalkozasfejlesztesi-projekt\">V\u00e1llalkoz\u00e1sfejleszt\u00e9si projekt<\/a><\/li>\r\n                                        <li><span class=\"public-at\">2026. m\u00e1rcius 30.<\/span><\/li>\r\n                <\/ul>\r\n                        <div class=\"desc\"><p>A magyar export\u0151r kis- \u00e9s k\u00f6z\u00e9pv\u00e1llalkoz\u00e1sok exportpiaci jelenl\u00e9t\u00e9nek fejleszt\u00e9se \u00e9s \u00fczleti kapcsolatrendszer\u00fck b\u0151v\u00edt\u00e9se c\u00e9lj\u00e1b\u00f3l az&nbsp;MKIK&nbsp;V\u00e1llalkoz\u00e1sfejleszt\u00e9si Projektj\u00e9nek keret\u00e9ben a Nemzetgazdas\u00e1gi Miniszt\u00e9rium t\u00e1mogat\u00e1s\u00e1val 2026 m\u00e1jus\u00e1ban <strong><em>az al\u00e1bbi k\u00fclf\u00f6ldi szakv\u00e1s\u00e1rra szervez \u00fczleti deleg\u00e1ci\u00f3t t\u00e1mogatott l\u00e1togat\u00f3i r\u00e9szv\u00e9teli lehet\u0151s\u00e9ggel.<\/em><\/strong><\/p><\/div>\r\n        <\/div>\r\n    <\/div>\r\n        <\/div>\r\n            <div class=\"col-md-6 inline-col feed-item\">\r\n            <div class=\"clearfix\">\r\n        <div class=\"img\">\r\n            <a  href=\"https:\/\/vmkik.hu\/index.php\/hirek\/kkv-k-kibervedelmi-kepessegeinek-fejlesztese-palyazat\">\r\n                <img class=\"img-responsive img-center\" src=\"\/uploads\/feed_items\/small-kiber-17748627535639.jpg\" alt=\"KKV-k kiberv\u00e9delmi k\u00e9pess\u00e9geinek fejleszt\u00e9se p\u00e1ly\u00e1zat\">\r\n            <\/a>\r\n        <\/div>\r\n        <div class=\"info\">\r\n            <div class=\"title\"><a  href=\"https:\/\/vmkik.hu\/index.php\/hirek\/kkv-k-kibervedelmi-kepessegeinek-fejlesztese-palyazat\">KKV-k kiberv\u00e9delmi k\u00e9pess\u00e9geinek fejleszt\u00e9se p\u00e1ly\u00e1zat<\/a><\/div>\r\n                            <ul class=\"categories\">\r\n                                            <li><a style=\"background: #5c299e; color: #ffffff\" href=\"https:\/\/vmkik.hu\/index.php\/hirek\/hirek\">H\u00edrek<\/a><\/li>\r\n                                            <li><a style=\"background: #299e9e; color: #ffffff\" href=\"https:\/\/vmkik.hu\/index.php\/hirek\/palyazatok\">P\u00e1ly\u00e1zatok<\/a><\/li>\r\n                                        <li><span class=\"public-at\">2026. m\u00e1rcius 30.<\/span><\/li>\r\n                <\/ul>\r\n                        <div class=\"desc\"><p>Megjelent a Nemzeti Koordin\u00e1ci\u00f3s K\u00f6zpont (NCC-HU) \u00e1ltal meghirdetett a \u201eA hazai KKV szektor kiberv\u00e9delmi k\u00e9pess\u00e9geinek fejleszt\u00e9se\u201d c\u00edm\u0171 SSNS-NCC-HU-FSTP-2026 k\u00f3dsz\u00e1m\u00fa k\u00f3dsz\u00e1m\u00fa p\u00e1ly\u00e1zati felh\u00edv\u00e1s.<\/p><\/div>\r\n        <\/div>\r\n    <\/div>\r\n        <\/div>\r\n            <div class=\"col-md-6 inline-col feed-item\">\r\n            <div class=\"clearfix\">\r\n        <div class=\"img\">\r\n            <a  href=\"https:\/\/vmkik.hu\/index.php\/hirek\/a-cukraszdak-szamara-aprilis-8-tol-elerhetove-valik-a-kombinalt-finanszirozasu-tamogatas\">\r\n                <img class=\"img-responsive img-center\" src=\"\/uploads\/feed_items\/small-pexels-doughnuts-1774862309846.jpg\" alt=\"A cukr\u00e1szd\u00e1k sz\u00e1m\u00e1ra \u00e1prilis 8-t\u00f3l el\u00e9rhet\u0151v\u00e9 v\u00e1lik a kombin\u00e1lt finansz\u00edroz\u00e1s\u00fa t\u00e1mogat\u00e1s\">\r\n            <\/a>\r\n        <\/div>\r\n        <div class=\"info\">\r\n            <div class=\"title\"><a  href=\"https:\/\/vmkik.hu\/index.php\/hirek\/a-cukraszdak-szamara-aprilis-8-tol-elerhetove-valik-a-kombinalt-finanszirozasu-tamogatas\">A cukr\u00e1szd\u00e1k sz\u00e1m\u00e1ra \u00e1prilis 8-t\u00f3l el\u00e9rhet\u0151v\u00e9 v\u00e1lik a kombin\u00e1lt finansz\u00edroz\u00e1s\u00fa t\u00e1mogat\u00e1s<\/a><\/div>\r\n                            <ul class=\"categories\">\r\n                                            <li><a style=\"background: #5c299e; color: #ffffff\" href=\"https:\/\/vmkik.hu\/index.php\/hirek\/hirek\">H\u00edrek<\/a><\/li>\r\n                                            <li><a style=\"background: #9e6f29; color: #ffffff\" href=\"https:\/\/vmkik.hu\/index.php\/hirek\/gazdasagfejlesztes\">Gazdas\u00e1gfejleszt\u00e9s<\/a><\/li>\r\n                                            <li><a style=\"background: #299e9e; color: #ffffff\" href=\"https:\/\/vmkik.hu\/index.php\/hirek\/palyazatok\">P\u00e1ly\u00e1zatok<\/a><\/li>\r\n                                        <li><span class=\"public-at\">2026. m\u00e1rcius 30.<\/span><\/li>\r\n                <\/ul>\r\n                        <div class=\"desc\"><p>A Kisfaludy Turisztikai K\u00f6zpont (KTH) &nbsp;bejelentette, hogy \u00e1prilis 8-t\u00f3l a cukr\u00e1szd\u00e1k is jogosultak lesznek a korm\u00e1ny \u00e1ltal bejelentett 5+1 pontb\u00f3l \u00e1ll\u00f3 vend\u00e9gl\u00e1t\u00f3ipari akci\u00f3terv r\u00e9sz\u00e9ben ig\u00e9nybe venni a kombin\u00e1lt finansz\u00edroz\u00e1s\u00fa t\u00e1mogat\u00e1st.<\/p><\/div>\r\n        <\/div>\r\n    <\/div>\r\n        <\/div>\r\n            <div class=\"col-md-6 inline-col feed-item\">\r\n            <div class=\"clearfix\">\r\n        <div class=\"img\">\r\n            <a  href=\"https:\/\/vmkik.hu\/index.php\/hirek\/20252026-tanev-orszagos-szakmai-tanulmanyi-versenyek-donto-eredmenyek\">\r\n                <img class=\"img-responsive img-center\" src=\"\/uploads\/feed_items\/small-659603622192072-n-17748526726258.jpg\" alt=\"Vasi sikerek az Orsz\u00e1gos Szakmai Tanulm\u00e1nyi versenyeken\">\r\n            <\/a>\r\n        <\/div>\r\n        <div class=\"info\">\r\n            <div class=\"title\"><a  href=\"https:\/\/vmkik.hu\/index.php\/hirek\/20252026-tanev-orszagos-szakmai-tanulmanyi-versenyek-donto-eredmenyek\">Vasi sikerek az Orsz\u00e1gos Szakmai Tanulm\u00e1nyi versenyeken<\/a><\/div>\r\n                            <ul class=\"categories\">\r\n                                            <li><a style=\"background: #9e2961; color: #ffffff\" href=\"https:\/\/vmkik.hu\/index.php\/hirek\/uton-a-szakmak-vilagaban\">Szakk\u00e9pz\u00e9s<\/a><\/li>\r\n                                            <li><a style=\"background: #5c299e; color: #ffffff\" href=\"https:\/\/vmkik.hu\/index.php\/hirek\/hirek\">H\u00edrek<\/a><\/li>\r\n                                        <li><span class=\"public-at\">2026. m\u00e1rcius 30.<\/span><\/li>\r\n                <\/ul>\r\n                        <div class=\"desc\"><p style=\"text-align:justify\"><strong>K\u00e9t arany\u00e9rem, egy ez\u00fcst\u00e9rem , h\u00e1rom harmadik hely, kett\u0151 negyedik \u00e9s 1-1 \u00f6t\u00f6dik \u00e9s hetedik helyez\u00e9s \u2013 sz\u00e9p sikereket \u00e9rtek el a vasi di\u00e1kok a szakmai tanulm\u00e1nyi versenyek d\u00f6nt\u0151in.<\/strong><\/p><\/div>\r\n        <\/div>\r\n    <\/div>\r\n        <\/div>\r\n            <div class=\"col-md-6 inline-col feed-item\">\r\n            <div class=\"clearfix\">\r\n        <div class=\"img\">\r\n            <a  href=\"https:\/\/vmkik.hu\/index.php\/hirek\/az-ep-jovahagyta-az-eu-uj-korrupcioellenes-szabalyait\">\r\n                <img class=\"img-responsive img-center\" src=\"\/uploads\/feed_items\/small-adobestock-17745991952816.jpg\" alt=\"Az EP j\u00f3v\u00e1hagyta az EU \u00faj korrupci\u00f3ellenes szab\u00e1lyait\">\r\n            <\/a>\r\n        <\/div>\r\n        <div class=\"info\">\r\n            <div class=\"title\"><a  href=\"https:\/\/vmkik.hu\/index.php\/hirek\/az-ep-jovahagyta-az-eu-uj-korrupcioellenes-szabalyait\">Az EP j\u00f3v\u00e1hagyta az EU \u00faj korrupci\u00f3ellenes szab\u00e1lyait<\/a><\/div>\r\n                            <ul class=\"categories\">\r\n                                            <li><a style=\"background: #5c299e; color: #ffffff\" href=\"https:\/\/vmkik.hu\/index.php\/hirek\/hirek\">H\u00edrek<\/a><\/li>\r\n                                            <li><a style=\"background: #2a299e; color: #ffffff\" href=\"https:\/\/vmkik.hu\/index.php\/hirek\/europe-direct\">Europe Direct<\/a><\/li>\r\n                                        <li><span class=\"public-at\">2026. m\u00e1rcius 27.<\/span><\/li>\r\n                <\/ul>\r\n                        <div class=\"desc\"><p>Az Eur\u00f3pai Parlament br\u00fcsszeli plen\u00e1ris \u00fcl\u00e9s\u00e9n \u00faj uni\u00f3s szint\u0171 szab\u00e1lyokat fogadott el, amelyek harmoniz\u00e1lt b\u00fcntet\u0151jogi keretet hoznak l\u00e9tre a korrupci\u00f3 megel\u0151z\u00e9s\u00e9re \u00e9s lek\u00fczd\u00e9s\u00e9re az uni\u00f3 eg\u00e9sz ter\u00fclet\u00e9n.<\/p><\/div>\r\n        <\/div>\r\n    <\/div>\r\n        <\/div>\r\n    <\/div>\r\n\r\n<ul class=\"pagination\">\r\n                    <li class=\"left\"><a href=\"https:\/\/vmkik.hu\/index.php\/api\/feeds\/page?page=7\" rel=\"prev\"><span class=\"icon icon-arrow-flat-left\"><\/span><\/a><\/li>\r\n        \r\n                    \r\n                                                                        <li><a href=\"https:\/\/vmkik.hu\/index.php\/api\/feeds\/page?page=1\">01<\/a><\/li>\r\n                                                                                <li><a href=\"https:\/\/vmkik.hu\/index.php\/api\/feeds\/page?page=2\">02<\/a><\/li>\r\n                                                                                    <li class=\"disabled\"><span>...<\/span><\/li>\r\n            \r\n                                \r\n                                                                        <li><a href=\"https:\/\/vmkik.hu\/index.php\/api\/feeds\/page?page=5\">05<\/a><\/li>\r\n                                                                                <li><a href=\"https:\/\/vmkik.hu\/index.php\/api\/feeds\/page?page=6\">06<\/a><\/li>\r\n                                                                                <li><a href=\"https:\/\/vmkik.hu\/index.php\/api\/feeds\/page?page=7\">07<\/a><\/li>\r\n                                                                                <li class=\"active\"><span>08<\/span><\/li>\r\n                                                                                <li><a href=\"https:\/\/vmkik.hu\/index.php\/api\/feeds\/page?page=9\">09<\/a><\/li>\r\n                                                                                <li><a href=\"https:\/\/vmkik.hu\/index.php\/api\/feeds\/page?page=10\">10<\/a><\/li>\r\n                                                                                <li><a href=\"https:\/\/vmkik.hu\/index.php\/api\/feeds\/page?page=11\">11<\/a><\/li>\r\n                                                                                    <li class=\"disabled\"><span>...<\/span><\/li>\r\n            \r\n                                \r\n                                                                        <li><a href=\"https:\/\/vmkik.hu\/index.php\/api\/feeds\/page?page=476\">476<\/a><\/li>\r\n                                                                                <li><a href=\"https:\/\/vmkik.hu\/index.php\/api\/feeds\/page?page=477\">477<\/a><\/li>\r\n                                                        \r\n                    <li class=\"right\"><a href=\"https:\/\/vmkik.hu\/index.php\/api\/feeds\/page?page=9\" rel=\"next\"><span class=\"icon icon-arrow-flat-right\"><\/span><\/a><\/li>\r\n            <\/ul>\r\n\r\n","page":"8"}