{"content":"<div class=\"row inline-row\">\r\n                <div class=\"col-md-6 inline-col feed-item\">\r\n            <div class=\"clearfix\">\r\n        <div class=\"img\">\r\n            <a  href=\"https:\/\/vmkik.hu\/index.php\/hirek\/kotelezo-energetikai-felulvizsgalat-december-31-ig\">\r\n                <img class=\"img-responsive img-center\" src=\"\/uploads\/feed_items\/small-tablet-1280-17537870677262.jpg\" alt=\"K\u00f6telez\u0151 energetikai fel\u00fclvizsg\u00e1lat december 31-ig\">\r\n            <\/a>\r\n        <\/div>\r\n        <div class=\"info\">\r\n            <div class=\"title\"><a  href=\"https:\/\/vmkik.hu\/index.php\/hirek\/kotelezo-energetikai-felulvizsgalat-december-31-ig\">K\u00f6telez\u0151 energetikai fel\u00fclvizsg\u00e1lat december 31-ig<\/a><\/div>\r\n                            <ul class=\"categories\">\r\n                                            <li><a style=\"background: #5c299e; color: #ffffff\" href=\"https:\/\/vmkik.hu\/index.php\/hirek\/hirek\">H\u00edrek<\/a><\/li>\r\n                                        <li><span class=\"public-at\">2025. j\u00falius 29.<\/span><\/li>\r\n                <\/ul>\r\n                        <div class=\"desc\"><p>V\u00e1llalkoz\u00e1sokat, \u00f6nkorm\u00e1nyzatokat \u00e9s int\u00e9zm\u00e9nyeket is \u00e9rint a f\u0171t\u00e9si \u00e9s h\u0171t\u00e9si rendszerek k\u00f6telez\u0151 energetikai fel\u00fclvizsg\u00e1lata.<\/p><\/div>\r\n        <\/div>\r\n    <\/div>\r\n        <\/div>\r\n            <div class=\"col-md-6 inline-col feed-item\">\r\n            <div class=\"clearfix\">\r\n        <div class=\"img\">\r\n            <a  href=\"https:\/\/vmkik.hu\/index.php\/hirek\/idosodo-munkavallalokat-tamogatnak\">\r\n                <img class=\"img-responsive img-center\" src=\"\/uploads\/feed_items\/small-handshakes-1280-17537103271421.jpg\" alt=\"Id\u0151s\u00f6d\u0151 munkav\u00e1llal\u00f3kat t\u00e1mogatnak\">\r\n            <\/a>\r\n        <\/div>\r\n        <div class=\"info\">\r\n            <div class=\"title\"><a  href=\"https:\/\/vmkik.hu\/index.php\/hirek\/idosodo-munkavallalokat-tamogatnak\">Id\u0151s\u00f6d\u0151 munkav\u00e1llal\u00f3kat t\u00e1mogatnak<\/a><\/div>\r\n                            <ul class=\"categories\">\r\n                                            <li><a style=\"background: #5c299e; color: #ffffff\" href=\"https:\/\/vmkik.hu\/index.php\/hirek\/hirek\">H\u00edrek<\/a><\/li>\r\n                                        <li><span class=\"public-at\">2025. j\u00falius 28.<\/span><\/li>\r\n                <\/ul>\r\n                        <div class=\"desc\"><p>A Gy\u0151r-Moson-Sopron V\u00e1rmegye Kereskedelmi \u00e9s Iparkamara 2024-ben egy\u00fcttm\u0171k\u00f6d\u00e9si meg\u00e1llapod\u00e1st k\u00f6t\u00f6tt a Sz\u00e9chenyi Istv\u00e1n Egyetem \u00e1ltal alap\u00edtott, a sikeres id\u0151s\u00f6d\u00e9ssel, a Longevity + \u00e9lm\u00e9nnyel foglalkoz\u00f3 Rejuniva Kft-vel. K\u00e9rd\u0151\u00edv\u00fck kit\u00f6lt\u00e9s\u00e9vel \u00d6n is seg\u00edtheti munk\u00e1jukat.<\/p>\r\n\r\n<p style=\"text-align:start\">&nbsp;<\/p><\/div>\r\n        <\/div>\r\n    <\/div>\r\n        <\/div>\r\n            <div class=\"col-md-6 inline-col feed-item\">\r\n            <div class=\"clearfix\">\r\n        <div class=\"img\">\r\n            <a  href=\"https:\/\/vmkik.hu\/index.php\/hirek\/tajekoztatas-dualis-kepzohelyeket-celzo-megkeresesek-fizetos-nem-tamogatott-szakmai-oktatasok-kapcsan\">\r\n                <img class=\"img-responsive img-center\" src=\"\/uploads\/feed_items\/small-kamarai-logo-allo-rgb-17532766488017.jpg\" alt=\"T\u00e1j\u00e9koztat\u00e1s: du\u00e1lis k\u00e9pz\u0151helyeket c\u00e9lz\u00f3 megkeres\u00e9sek fizet\u0151s, nem t\u00e1mogatott szakmai oktat\u00e1sok kapcs\u00e1n\">\r\n            <\/a>\r\n        <\/div>\r\n        <div class=\"info\">\r\n            <div class=\"title\"><a  href=\"https:\/\/vmkik.hu\/index.php\/hirek\/tajekoztatas-dualis-kepzohelyeket-celzo-megkeresesek-fizetos-nem-tamogatott-szakmai-oktatasok-kapcsan\">T\u00e1j\u00e9koztat\u00e1s: du\u00e1lis k\u00e9pz\u0151helyeket c\u00e9lz\u00f3 megkeres\u00e9sek fizet\u0151s, nem t\u00e1mogatott szakmai oktat\u00e1sok kapcs\u00e1n<\/a><\/div>\r\n                            <ul class=\"categories\">\r\n                                            <li><a style=\"background: #9e2961; color: #ffffff\" href=\"https:\/\/vmkik.hu\/index.php\/hirek\/uton-a-szakmak-vilagaban\">Szakk\u00e9pz\u00e9s<\/a><\/li>\r\n                                            <li><a style=\"background: #5c299e; color: #ffffff\" href=\"https:\/\/vmkik.hu\/index.php\/hirek\/hirek\">H\u00edrek<\/a><\/li>\r\n                                        <li><span class=\"public-at\">2025. j\u00falius 23.<\/span><\/li>\r\n                <\/ul>\r\n                        <div class=\"desc\"><p>Az elm\u00falt id\u0151szakban t\u00f6bb bejelent\u00e9s \u00e9rkezett arr\u00f3l, hogy egyes iskol\u00e1k vagy c\u00e9gek megkeresik a nyilv\u00e1ntart\u00e1sba vett du\u00e1lis k\u00e9pz\u0151helyeket,&nbsp;<strong>egy\u00fcttm\u0171k\u00f6d\u00e9st k\u00edn\u00e1lva fizet\u0151s szakmai oktat\u00e1sokhoz<\/strong>&nbsp;kapcsol\u00f3d\u00f3an.<\/p><\/div>\r\n        <\/div>\r\n    <\/div>\r\n        <\/div>\r\n            <div class=\"col-md-6 inline-col feed-item\">\r\n            <div class=\"clearfix\">\r\n        <div class=\"img\">\r\n            <a  href=\"https:\/\/vmkik.hu\/index.php\/hirek\/uj-lehetosegek-a-demjan-sandor-tokeprogramban\">\r\n                <img class=\"img-responsive img-center\" src=\"\/uploads\/feed_items\/small-tokeprogram-reszletes-17532750697653.jpg\" alt=\"\u00daj lehet\u0151s\u00e9gek a Demj\u00e1n S\u00e1ndor T\u0151keprogramban\">\r\n            <\/a>\r\n        <\/div>\r\n        <div class=\"info\">\r\n            <div class=\"title\"><a  href=\"https:\/\/vmkik.hu\/index.php\/hirek\/uj-lehetosegek-a-demjan-sandor-tokeprogramban\">\u00daj lehet\u0151s\u00e9gek a Demj\u00e1n S\u00e1ndor T\u0151keprogramban<\/a><\/div>\r\n                            <ul class=\"categories\">\r\n                                            <li><a style=\"background: #5c299e; color: #ffffff\" href=\"https:\/\/vmkik.hu\/index.php\/hirek\/hirek\">H\u00edrek<\/a><\/li>\r\n                                            <li><a style=\"background: #9e6f29; color: #ffffff\" href=\"https:\/\/vmkik.hu\/index.php\/hirek\/gazdasagfejlesztes\">Gazdas\u00e1gfejleszt\u00e9s<\/a><\/li>\r\n                                            <li><a style=\"background: #299e9e; color: #ffffff\" href=\"https:\/\/vmkik.hu\/index.php\/hirek\/palyazatok\">P\u00e1ly\u00e1zatok<\/a><\/li>\r\n                                        <li><span class=\"public-at\">2025. j\u00falius 23.<\/span><\/li>\r\n                <\/ul>\r\n                        <div class=\"desc\"><p>T\u00f6bb ponton v\u00e1ltozott a Demj\u00e1n S\u00e1ndor T\u0151keprogram, a h\u00e9tf\u0151n \u00e9letbe l\u00e9p\u0151 m\u00f3dos\u00edt\u00e1sok c\u00e9lja, hogy a v\u00e1llalkoz\u00e1sok m\u00e9g sz\u00e9lesebb k\u00f6rben vehess\u00e9k ig\u00e9nybe a t\u00e1mogat\u00e1st.<\/p><\/div>\r\n        <\/div>\r\n    <\/div>\r\n        <\/div>\r\n            <div class=\"col-md-6 inline-col feed-item\">\r\n            <div class=\"clearfix\">\r\n        <div class=\"img\">\r\n            <a  href=\"https:\/\/vmkik.hu\/index.php\/hirek\/mar-most-jegyezze-elo-a-datumot-oko-expo-szeptemberben\">\r\n                <img class=\"img-responsive img-center\" src=\"\/uploads\/feed_items\/small-oeko-expo-facebook-1753255817998.jpg\" alt=\"M\u00e1r most jegyezze el\u0151 a d\u00e1tumot - \u00d6KO-EXPO szeptemberben!\">\r\n            <\/a>\r\n        <\/div>\r\n        <div class=\"info\">\r\n            <div class=\"title\"><a  href=\"https:\/\/vmkik.hu\/index.php\/hirek\/mar-most-jegyezze-elo-a-datumot-oko-expo-szeptemberben\">M\u00e1r most jegyezze el\u0151 a d\u00e1tumot - \u00d6KO-EXPO szeptemberben!<\/a><\/div>\r\n                            <ul class=\"categories\">\r\n                                            <li><a style=\"background: #5c299e; color: #ffffff\" href=\"https:\/\/vmkik.hu\/index.php\/hirek\/hirek\">H\u00edrek<\/a><\/li>\r\n                                            <li><a style=\"background: #8f9e29; color: #ffffff\" href=\"https:\/\/vmkik.hu\/index.php\/hirek\/vallalkozasfejlesztesi-projekt\">V\u00e1llalkoz\u00e1sfejleszt\u00e9si projekt<\/a><\/li>\r\n                                        <li><span class=\"public-at\">2025. j\u00falius 23.<\/span><\/li>\r\n                <\/ul>\r\n                        <div class=\"desc\"><p>A Vas V\u00e1rmegyei Kereskedelmi \u00e9s Iparkamara szeptember 26\u201328-\u00e1n rendezi meg \u00d6KO-EXPO rendezv\u00e9ny\u00e9t.<\/p><\/div>\r\n        <\/div>\r\n    <\/div>\r\n        <\/div>\r\n            <div class=\"col-md-6 inline-col feed-item\">\r\n            <div class=\"clearfix\">\r\n        <div class=\"img\">\r\n            <a  href=\"https:\/\/vmkik.hu\/index.php\/hirek\/63-kozgazdasz-vandorgyules\">\r\n                <img class=\"img-responsive img-center\" src=\"\/uploads\/feed_items\/small-2025-vgy-honlap-17528335654032.jpg\" alt=\"63. K\u00f6zgazd\u00e1sz-v\u00e1ndorgy\u0171l\u00e9s\">\r\n            <\/a>\r\n        <\/div>\r\n        <div class=\"info\">\r\n            <div class=\"title\"><a  href=\"https:\/\/vmkik.hu\/index.php\/hirek\/63-kozgazdasz-vandorgyules\">63. K\u00f6zgazd\u00e1sz-v\u00e1ndorgy\u0171l\u00e9s<\/a><\/div>\r\n                            <ul class=\"categories\">\r\n                                            <li><a style=\"background: #5c299e; color: #ffffff\" href=\"https:\/\/vmkik.hu\/index.php\/hirek\/hirek\">H\u00edrek<\/a><\/li>\r\n                                        <li><span class=\"public-at\">2025. j\u00falius 18.<\/span><\/li>\r\n                <\/ul>\r\n                        <div class=\"desc\"><p style=\"text-align:justify\">Veszpr\u00e9m v\u00e1rosa ad otthont a hazai k\u00f6zgazd\u00e1sz szakma legrangosabb \u00e9ves konferenci\u00e1j\u00e1nak: a 63. K\u00f6zgazd\u00e1sz-v\u00e1ndorgy\u0171l\u00e9st 2025. szeptember 4\u20135-\u00e9n a Pannon Egyetemen rendezi meg a Veszpr\u00e9m V\u00e1rmegyei Kereskedelmi \u00e9s Iparkamar\u00e1val, a Pannon Egyetemmel \u00e9s Veszpr\u00e9m Megyei Jog\u00fa V\u00e1ros \u00d6nkorm\u00e1nyzat\u00e1val egy\u00fcttm\u0171k\u00f6dve az id\u00e9n 131 \u00e9ves Magyar K\u00f6zgazdas\u00e1gi T\u00e1rsas\u00e1g.<\/p><\/div>\r\n        <\/div>\r\n    <\/div>\r\n        <\/div>\r\n            <div class=\"col-md-6 inline-col feed-item\">\r\n            <div class=\"clearfix\">\r\n        <div class=\"img\">\r\n            <a  href=\"https:\/\/vmkik.hu\/index.php\/hirek\/felhivas-az-mkik-altal-nyilvantartott-orszagos-interaktiv-vizsgafeladatkeszito-szakertoi-nevjegyzekbe-torteno-jelentkezesre\">\r\n                <img class=\"img-responsive img-center\" src=\"\/uploads\/feed_items\/small-vizsga-1752831888303.png\" alt=\"Felh\u00edv\u00e1s az MKIK \u00e1ltal nyilv\u00e1ntartott Orsz\u00e1gos Interakt\u00edv Vizsgafeladatk\u00e9sz\u00edt\u0151 Szak\u00e9rt\u0151i N\u00e9vjegyz\u00e9kbe t\u00f6rt\u00e9n\u0151 jelentkez\u00e9sre\">\r\n            <\/a>\r\n        <\/div>\r\n        <div class=\"info\">\r\n            <div class=\"title\"><a  href=\"https:\/\/vmkik.hu\/index.php\/hirek\/felhivas-az-mkik-altal-nyilvantartott-orszagos-interaktiv-vizsgafeladatkeszito-szakertoi-nevjegyzekbe-torteno-jelentkezesre\">Felh\u00edv\u00e1s az MKIK \u00e1ltal nyilv\u00e1ntartott Orsz\u00e1gos Interakt\u00edv Vizsgafeladatk\u00e9sz\u00edt\u0151 Szak\u00e9rt\u0151i N\u00e9vjegyz\u00e9kbe t\u00f6rt\u00e9n\u0151 jelentkez\u00e9sre<\/a><\/div>\r\n                            <ul class=\"categories\">\r\n                                            <li><a style=\"background: #9e2961; color: #ffffff\" href=\"https:\/\/vmkik.hu\/index.php\/hirek\/uton-a-szakmak-vilagaban\">Szakk\u00e9pz\u00e9s<\/a><\/li>\r\n                                            <li><a style=\"background: #5c299e; color: #ffffff\" href=\"https:\/\/vmkik.hu\/index.php\/hirek\/hirek\">H\u00edrek<\/a><\/li>\r\n                                            <li><a style=\"background: #2a299e; color: #ffffff\" href=\"https:\/\/vmkik.hu\/index.php\/hirek\/tanulmanyi-versenyek\">Tanulm\u00e1nyi versenyek<\/a><\/li>\r\n                                        <li><span class=\"public-at\">2025. j\u00falius 18.<\/span><\/li>\r\n                <\/ul>\r\n                        <div class=\"desc\"><p style=\"text-align:justify\">A Magyar Kereskedelmi \u00e9s Iparkamara a Szakma Kiv\u00e1l\u00f3 Tanul\u00f3ja Verseny (a tov\u00e1bbiakban: SZKTV) \u00e9s az Orsz\u00e1gos Szakmai Tanulm\u00e1nyi Verseny (a tov\u00e1bbiakban: OSZTV) el\u0151v\u00e1logat\u00f3j\u00e1n az interakt\u00edv feladatok kidolgoz\u00e1s\u00e1hoz \u00e9s lektor\u00e1l\u00e1s\u00e1hoz szak\u00e9rt\u0151k sz\u00e1m\u00e1ra p\u00e1ly\u00e1zatot hirdet.<\/p><\/div>\r\n        <\/div>\r\n    <\/div>\r\n        <\/div>\r\n            <div class=\"col-md-6 inline-col feed-item\">\r\n            <div class=\"clearfix\">\r\n        <div class=\"img\">\r\n            <a  href=\"https:\/\/vmkik.hu\/index.php\/hirek\/a-szakkepzes-20252026-tanev-rendje\">\r\n                <img class=\"img-responsive img-center\" src=\"\/uploads\/feed_items\/small-tanev-rendje-2025-26-17528290063113.jpg\" alt=\"A szakk\u00e9pz\u00e9s 2025\/2026. tan\u00e9v rendje\">\r\n            <\/a>\r\n        <\/div>\r\n        <div class=\"info\">\r\n            <div class=\"title\"><a  href=\"https:\/\/vmkik.hu\/index.php\/hirek\/a-szakkepzes-20252026-tanev-rendje\">A szakk\u00e9pz\u00e9s 2025\/2026. tan\u00e9v rendje<\/a><\/div>\r\n                            <ul class=\"categories\">\r\n                                            <li><a style=\"background: #9e2961; color: #ffffff\" href=\"https:\/\/vmkik.hu\/index.php\/hirek\/uton-a-szakmak-vilagaban\">Szakk\u00e9pz\u00e9s<\/a><\/li>\r\n                                            <li><a style=\"background: #5c299e; color: #ffffff\" href=\"https:\/\/vmkik.hu\/index.php\/hirek\/hirek\">H\u00edrek<\/a><\/li>\r\n                                        <li><span class=\"public-at\">2025. j\u00falius 18.<\/span><\/li>\r\n                <\/ul>\r\n                        <div class=\"desc\"><p>A Magyar K\u00f6zl\u00f6ny 2025. j\u00falius 17-i sz\u00e1m\u00e1ban jelent meg a 2025\/2026. tan\u00e9v szakk\u00e9pz\u00e9sben alkalmazand\u00f3 rendj\u00e9r\u0151l sz\u00f3l\u00f3 8\/2025. (VII. 17.) KIM rendelet.<\/p><\/div>\r\n        <\/div>\r\n    <\/div>\r\n        <\/div>\r\n    <\/div>\r\n\r\n<ul class=\"pagination\">\r\n                    <li class=\"left\"><a href=\"https:\/\/vmkik.hu\/index.php\/api\/feeds\/page?page=91\" rel=\"prev\"><span class=\"icon icon-arrow-flat-left\"><\/span><\/a><\/li>\r\n        \r\n                    \r\n                                                                        <li><a href=\"https:\/\/vmkik.hu\/index.php\/api\/feeds\/page?page=1\">01<\/a><\/li>\r\n                                                                                <li><a href=\"https:\/\/vmkik.hu\/index.php\/api\/feeds\/page?page=2\">02<\/a><\/li>\r\n                                                                                    <li class=\"disabled\"><span>...<\/span><\/li>\r\n            \r\n                                \r\n                                                                        <li><a href=\"https:\/\/vmkik.hu\/index.php\/api\/feeds\/page?page=89\">89<\/a><\/li>\r\n                                                                                <li><a href=\"https:\/\/vmkik.hu\/index.php\/api\/feeds\/page?page=90\">90<\/a><\/li>\r\n                                                                                <li><a href=\"https:\/\/vmkik.hu\/index.php\/api\/feeds\/page?page=91\">91<\/a><\/li>\r\n                                                                                <li class=\"active\"><span>92<\/span><\/li>\r\n                                                                                <li><a href=\"https:\/\/vmkik.hu\/index.php\/api\/feeds\/page?page=93\">93<\/a><\/li>\r\n                                                                                <li><a href=\"https:\/\/vmkik.hu\/index.php\/api\/feeds\/page?page=94\">94<\/a><\/li>\r\n                                                                                <li><a href=\"https:\/\/vmkik.hu\/index.php\/api\/feeds\/page?page=95\">95<\/a><\/li>\r\n                                                                                    <li class=\"disabled\"><span>...<\/span><\/li>\r\n            \r\n                                \r\n                                                                        <li><a href=\"https:\/\/vmkik.hu\/index.php\/api\/feeds\/page?page=504\">504<\/a><\/li>\r\n                                                                                <li><a href=\"https:\/\/vmkik.hu\/index.php\/api\/feeds\/page?page=505\">505<\/a><\/li>\r\n                                                        \r\n                    <li class=\"right\"><a href=\"https:\/\/vmkik.hu\/index.php\/api\/feeds\/page?page=93\" rel=\"next\"><span class=\"icon icon-arrow-flat-right\"><\/span><\/a><\/li>\r\n            <\/ul>\r\n\r\n","page":"92"}